{"id":20271,"date":"2025-08-10T13:50:44","date_gmt":"2025-08-10T19:50:44","guid":{"rendered":"https:\/\/conexiontotal.press\/?p=20271"},"modified":"2025-08-10T13:50:44","modified_gmt":"2025-08-10T19:50:44","slug":"vinculan-a-proceso-a-probable-responsable-del-homicidio-del-fiscal-federal-en-tamaulipas","status":"publish","type":"post","link":"https:\/\/conexiontotal.press\/index.php\/2025\/08\/10\/vinculan-a-proceso-a-probable-responsable-del-homicidio-del-fiscal-federal-en-tamaulipas\/","title":{"rendered":"Vinculan a proceso a probable responsable del homicidio del Fiscal Federal en Tamaulipas"},"content":{"rendered":"<p>La Fiscal\u00eda General de la Rep\u00fablica (FGR), a trav\u00e9s de su Fiscal\u00eda Especializada de Control Regional (FECOR) en Tamaulipas, logr\u00f3 la vinculaci\u00f3n a proceso en contra de Jareth Roberto &#8220;H&#8221;, quien es probable responsable del homicidio del Fiscal Federal en Tamaulipas, Licenciado Ernesto Cuitl\u00e1huac V\u00e1squez Reyna.<\/p>\n<p>Cabe destacar que como se inform\u00f3 anteriormente, esta persona fue detenida en la ciudad de Reynosa, Tamaulipas, en flagrancia respecto a armas de fuego, cargadores y cartuchos, as\u00ed como droga. Esa aprehensi\u00f3n se obtuvo con la ayuda de la Secretar\u00eda de Seguridad y Protecci\u00f3n Ciudadana Federal y de las Fuerzas Armadas nacionales.<\/p>\n<p>Ya en audiencia, el Juez de Control determin\u00f3 que la detenci\u00f3n se realiz\u00f3 dentro de los par\u00e1metros de legalidad, por lo que adem\u00e1s dict\u00f3 en su contra auto de vinculaci\u00f3n a proceso y la medida cautelar de prisi\u00f3n preventiva justificada en el Centro Federal de Reinserci\u00f3n Social No.1 Altiplano, adem\u00e1s cuatro meses de investigaci\u00f3n complementaria.<\/p>\n","protected":false},"excerpt":{"rendered":"<p>La Fiscal\u00eda General de la Rep\u00fablica (FGR), a trav\u00e9s de su Fiscal\u00eda Especializada de Control Regional (FECOR) en Tamaulipas, logr\u00f3 la vinculaci\u00f3n a proceso en contra de Jareth Roberto &#8220;H&#8221;, quien es probable responsable del homicidio del Fiscal Federal en Tamaulipas, Licenciado Ernesto Cuitl\u00e1huac V\u00e1squez Reyna. Cabe destacar que como se inform\u00f3 anteriormente, esta persona [&hellip;]<\/p>\n","protected":false},"author":4,"featured_media":20272,"comment_status":"closed","ping_status":"closed","sticky":false,"template":"","format":"standard","meta":{"footnotes":""},"categories":[20],"tags":[],"class_list":["post-20271","post","type-post","status-publish","format-standard","has-post-thumbnail","hentry","category-frontera"],"_links":{"self":[{"href":"https:\/\/conexiontotal.press\/index.php\/wp-json\/wp\/v2\/posts\/20271","targetHints":{"allow":["GET"]}}],"collection":[{"href":"https:\/\/conexiontotal.press\/index.php\/wp-json\/wp\/v2\/posts"}],"about":[{"href":"https:\/\/conexiontotal.press\/index.php\/wp-json\/wp\/v2\/types\/post"}],"author":[{"embeddable":true,"href":"https:\/\/conexiontotal.press\/index.php\/wp-json\/wp\/v2\/users\/4"}],"replies":[{"embeddable":true,"href":"https:\/\/conexiontotal.press\/index.php\/wp-json\/wp\/v2\/comments?post=20271"}],"version-history":[{"count":1,"href":"https:\/\/conexiontotal.press\/index.php\/wp-json\/wp\/v2\/posts\/20271\/revisions"}],"predecessor-version":[{"id":20273,"href":"https:\/\/conexiontotal.press\/index.php\/wp-json\/wp\/v2\/posts\/20271\/revisions\/20273"}],"wp:featuredmedia":[{"embeddable":true,"href":"https:\/\/conexiontotal.press\/index.php\/wp-json\/wp\/v2\/media\/20272"}],"wp:attachment":[{"href":"https:\/\/conexiontotal.press\/index.php\/wp-json\/wp\/v2\/media?parent=20271"}],"wp:term":[{"taxonomy":"category","embeddable":true,"href":"https:\/\/conexiontotal.press\/index.php\/wp-json\/wp\/v2\/categories?post=20271"},{"taxonomy":"post_tag","embeddable":true,"href":"https:\/\/conexiontotal.press\/index.php\/wp-json\/wp\/v2\/tags?post=20271"}],"curies":[{"name":"wp","href":"https:\/\/api.w.org\/{rel}","templated":true}]}}