{"id":20304,"date":"2025-08-13T22:23:47","date_gmt":"2025-08-14T04:23:47","guid":{"rendered":"https:\/\/conexiontotal.press\/?p=20304"},"modified":"2025-08-13T22:23:47","modified_gmt":"2025-08-14T04:23:47","slug":"fortalecen-la-colaboracion-en-seguridad","status":"publish","type":"post","link":"https:\/\/conexiontotal.press\/index.php\/2025\/08\/13\/fortalecen-la-colaboracion-en-seguridad\/","title":{"rendered":"Fortalecen la colaboraci\u00f3n en seguridad"},"content":{"rendered":"<p data-reader-unique-id=\"1\">TAMAULIPAS, M\u00c9XICO.- El gobernador de Tamaulipas, Am\u00e9rico Villarreal Anaya, se reuni\u00f3 ayer con Omar Garc\u00eda Harfuch, secretario de Seguridad y Protecci\u00f3n Ciudadana.<\/p>\n<p data-reader-unique-id=\"2\">En el encuentro se reiter\u00f3 el fortalecimiento y la colaboraci\u00f3n para coordinar acciones, con el apoyo del Gobierno Federal, para continuar trabajando por la seguridad del estado, donde se ha registrado una baja en el \u00edndice de homicidios.<\/p>\n<p data-reader-unique-id=\"10\">Ayer, el Gobierno de M\u00e9xico, a trav\u00e9s del Gabinete de Seguridad, inform\u00f3 que la implementaci\u00f3n de la Estrategia Nacional de Seguridad, durante los 10 primeros meses de la administraci\u00f3n de la Presidenta Claudia Sheinbaum Pardo, ha disminuido 25.3 por ciento el promedio diario de v\u00edctimas de homicidio doloso, de septiembre de 2024 a julio de 2025; lo que representa 22 homicidios diarios menos a nivel nacional.<\/p>\n<p data-reader-unique-id=\"11\">El secretario de Seguridad y Protecci\u00f3n Ciudadana, Omar Garc\u00eda Harfuch, destac\u00f3 que, como resultado de la Estrategia Nacional de Seguridad, en las \u00faltimas tres semanas, del 18 de julio al 10 de agosto de 2025, se han detenido a 2 mil 458 personas por delitos de alto impacto, asegurado 901 armas de fuego y 12 toneladas de droga, adem\u00e1s se inhabilitaron 65 laboratorios y \u00e1reas de concentraci\u00f3n. Mientras que, desde el inicio de la actual administraci\u00f3n, de 1 de octubre al 10 de agosto, hay m\u00e1s de 29 mil detenidos por delitos de alto impacto, se han asegurado 14 mil 943 armas de fuego, 216 toneladas de droga, entre ellas 3.5 millones de pastillas de fentanilo y en 21 estados se han inhabilitado mil 262 laboratorios y \u00e1reas de concentraci\u00f3n dedicados a la producci\u00f3n de metanfetamina.<\/p>\n<p data-reader-unique-id=\"14\">La Presidenta de M\u00e9xico, Claudia Sheinbaum Pardo resalt\u00f3 que la disminuci\u00f3n del 25.3 por ciento es producto de la implementaci\u00f3n de los cuatro ejes de la Estrategia Nacional de Seguridad: Atenci\u00f3n a las causas; consolidaci\u00f3n de la Guardia Nacional; fortalecimiento de la inteligencia e investigaci\u00f3n y coordinaci\u00f3n entre las instituciones de seguridad.<\/p>\n<p data-reader-unique-id=\"19\">\u201cEn 10 meses hay una reducci\u00f3n de homicidios dolosos, v\u00edctimas, de 25.3 por ciento. Y eso quiere decir que cada d\u00eda se cometen 22 homicidios menos, son 22 personas menos en julio que en septiembre, diarias. Por supuesto que necesitamos seguir trabajando, pero es un resultado muy importante, que es parte de esta coordinaci\u00f3n permanente que estamos teniendo. Entonces, la estrategia funciona. Y tenemos que seguir trabajando todos los d\u00edas. Claro, la oposici\u00f3n, los adversarios, nunca van a estar de acuerdo ni van a reconocer un resultado, nunca. Nosotros lo que queremos es seguir dando resultados al pueblo de M\u00e9xico\u00bb, puntualiz\u00f3 en la conferencia matutina: \u201cLas ma\u00f1aneras del pueblo\u201d.<\/p>\n<p data-reader-unique-id=\"20\">La titular del Secretariado Ejecutivo del Sistema Nacional de Seguridad P\u00fablica, Marcela Figueroa, detall\u00f3 que la reducci\u00f3n del 25.3 por ciento se debe a que el promedio diario de v\u00edctimas de homicidio doloso en septiembre de 2024 fue de 86.9, mientras que en julio de 2025 fue de 64.9. Adem\u00e1s, julio de este a\u00f1o es el mes con el menor n\u00famero de homicidios registrados en comparaci\u00f3n con julio de 2015.<\/p>\n<p data-reader-unique-id=\"21\">Por. Staff<\/p>\n<p data-reader-unique-id=\"22\">Expreso-La Raz\u00f3n<\/p>\n","protected":false},"excerpt":{"rendered":"<p>TAMAULIPAS, M\u00c9XICO.- El gobernador de Tamaulipas, Am\u00e9rico Villarreal Anaya, se reuni\u00f3 ayer con Omar Garc\u00eda Harfuch, secretario de Seguridad y Protecci\u00f3n Ciudadana. En el encuentro se reiter\u00f3 el fortalecimiento y la colaboraci\u00f3n para coordinar acciones, con el apoyo del Gobierno Federal, para continuar trabajando por la seguridad del estado, donde se ha registrado una baja [&hellip;]<\/p>\n","protected":false},"author":4,"featured_media":20305,"comment_status":"closed","ping_status":"closed","sticky":false,"template":"","format":"standard","meta":{"footnotes":""},"categories":[3],"tags":[],"class_list":["post-20304","post","type-post","status-publish","format-standard","has-post-thumbnail","hentry","category-victoria"],"_links":{"self":[{"href":"https:\/\/conexiontotal.press\/index.php\/wp-json\/wp\/v2\/posts\/20304","targetHints":{"allow":["GET"]}}],"collection":[{"href":"https:\/\/conexiontotal.press\/index.php\/wp-json\/wp\/v2\/posts"}],"about":[{"href":"https:\/\/conexiontotal.press\/index.php\/wp-json\/wp\/v2\/types\/post"}],"author":[{"embeddable":true,"href":"https:\/\/conexiontotal.press\/index.php\/wp-json\/wp\/v2\/users\/4"}],"replies":[{"embeddable":true,"href":"https:\/\/conexiontotal.press\/index.php\/wp-json\/wp\/v2\/comments?post=20304"}],"version-history":[{"count":1,"href":"https:\/\/conexiontotal.press\/index.php\/wp-json\/wp\/v2\/posts\/20304\/revisions"}],"predecessor-version":[{"id":20306,"href":"https:\/\/conexiontotal.press\/index.php\/wp-json\/wp\/v2\/posts\/20304\/revisions\/20306"}],"wp:featuredmedia":[{"embeddable":true,"href":"https:\/\/conexiontotal.press\/index.php\/wp-json\/wp\/v2\/media\/20305"}],"wp:attachment":[{"href":"https:\/\/conexiontotal.press\/index.php\/wp-json\/wp\/v2\/media?parent=20304"}],"wp:term":[{"taxonomy":"category","embeddable":true,"href":"https:\/\/conexiontotal.press\/index.php\/wp-json\/wp\/v2\/categories?post=20304"},{"taxonomy":"post_tag","embeddable":true,"href":"https:\/\/conexiontotal.press\/index.php\/wp-json\/wp\/v2\/tags?post=20304"}],"curies":[{"name":"wp","href":"https:\/\/api.w.org\/{rel}","templated":true}]}}