{"id":20319,"date":"2025-08-05T22:37:52","date_gmt":"2025-08-06T04:37:52","guid":{"rendered":"https:\/\/conexiontotal.press\/?p=20319"},"modified":"2025-08-13T22:37:58","modified_gmt":"2025-08-14T04:37:58","slug":"asesinato-del-delegado-de-fgr-posible-represalia-del-crimen-ava","status":"publish","type":"post","link":"https:\/\/conexiontotal.press\/index.php\/2025\/08\/05\/asesinato-del-delegado-de-fgr-posible-represalia-del-crimen-ava\/","title":{"rendered":"Asesinato del delegado de FGR, posible represalia del crimen: AVA"},"content":{"rendered":"<p data-reader-unique-id=\"1\"><strong data-reader-unique-id=\"2\">Ciudad Victoria, Tamaulipas.\u2013<\/strong> El asesinato del delegado de la Fiscal\u00eda General de la Rep\u00fablica (FGR) en Tamaulipas, Ernesto V\u00e1zquez Reyna, podr\u00eda ser una respuesta del crimen organizado ante los recientes golpes a sus estructuras de financiamiento il\u00edcito, advirti\u00f3 el gobernador del estado, Am\u00e9rico Villarreal Anaya.<\/p>\n<p data-reader-unique-id=\"4\">Al confirmar el despliegue de agentes especiales de la FGR en Reynosa, el mandatario estatal se\u00f1al\u00f3 que el reforzamiento de la seguridad en la ciudad fronteriza obedece a la gravedad del hecho y al avance de las investigaciones.<\/p>\n<p data-reader-unique-id=\"5\">\u201cSe ha acotado el margen para el robo de combustible, la defraudaci\u00f3n fiscal y otras fuentes que sostienen a los grupos criminales. Este atentado podr\u00eda ser una reacci\u00f3n frente a esas acciones de combate frontal\u201d, afirm\u00f3 Villarreal.<\/p>\n<p data-reader-unique-id=\"6\">Entrevistado este martes a su llegada a Palacio de Gobierno, el gobernador confirm\u00f3 que uno de los veh\u00edculos usados en el atentado fue localizado y asegurado por elementos de la Guardia Estatal. Asimismo, se\u00f1al\u00f3 que se mantiene estrecha colaboraci\u00f3n con la FGR, que ya tom\u00f3 el caso bajo su jurisdicci\u00f3n.<br data-reader-unique-id=\"7\" \/><br data-reader-unique-id=\"9\" \/>\u201cEstamos trabajando de manera coordinada con la Fiscal\u00eda General de la Rep\u00fablica, que ha atra\u00eddo la investigaci\u00f3n por tratarse de un funcionario federal. Han llegado elementos especiales v\u00eda a\u00e9rea para integrarse a las labores periciales y de inteligencia\u201d, detall\u00f3.<\/p>\n<p data-reader-unique-id=\"10\">Adem\u00e1s, Villarreal Anaya inform\u00f3 que sostuvo comunicaci\u00f3n directa con el secretario de Seguridad federal y con la secretaria de Gobernaci\u00f3n para reforzar las estrategias de cooperaci\u00f3n entre las diferentes fuerzas del orden en el estado.<\/p>\n<p data-reader-unique-id=\"11\">El gobernador reiter\u00f3 que el m\u00f3vil del crimen a\u00fan no ha sido confirmado, pero no descart\u00f3 que una de las l\u00edneas de investigaci\u00f3n apunte a una reacci\u00f3n por parte de organizaciones criminales que han sido afectadas por operativos recientes contra actividades como el huachicol, el contrabando de combustibles y el tr\u00e1fico de migrantes.<\/p>\n<p data-reader-unique-id=\"12\">\u201cSeguramente hay una motivaci\u00f3n de fondo que est\u00e1 ligada al debilitamiento de esas redes de financiamiento. El crimen organizado est\u00e1 siendo presionado en todos sus frentes\u201d, puntualiz\u00f3.<\/p>\n<p data-reader-unique-id=\"13\">La ejecuci\u00f3n de V\u00e1zquez Reyna, ocurrida el lunes en pleno bulevar Miguel Hidalgo de Reynosa, ha desatado una ola de tensi\u00f3n en la ciudad, que este martes amaneci\u00f3 bajo un operativo especial de seguridad federal y estatal.<\/p>\n","protected":false},"excerpt":{"rendered":"<p>Ciudad Victoria, Tamaulipas.\u2013 El asesinato del delegado de la Fiscal\u00eda General de la Rep\u00fablica (FGR) en Tamaulipas, Ernesto V\u00e1zquez Reyna, podr\u00eda ser una respuesta del crimen organizado ante los recientes golpes a sus estructuras de financiamiento il\u00edcito, advirti\u00f3 el gobernador del estado, Am\u00e9rico Villarreal Anaya. Al confirmar el despliegue de agentes especiales de la FGR [&hellip;]<\/p>\n","protected":false},"author":4,"featured_media":20320,"comment_status":"closed","ping_status":"closed","sticky":false,"template":"","format":"standard","meta":{"footnotes":""},"categories":[3],"tags":[],"class_list":["post-20319","post","type-post","status-publish","format-standard","has-post-thumbnail","hentry","category-victoria"],"_links":{"self":[{"href":"https:\/\/conexiontotal.press\/index.php\/wp-json\/wp\/v2\/posts\/20319","targetHints":{"allow":["GET"]}}],"collection":[{"href":"https:\/\/conexiontotal.press\/index.php\/wp-json\/wp\/v2\/posts"}],"about":[{"href":"https:\/\/conexiontotal.press\/index.php\/wp-json\/wp\/v2\/types\/post"}],"author":[{"embeddable":true,"href":"https:\/\/conexiontotal.press\/index.php\/wp-json\/wp\/v2\/users\/4"}],"replies":[{"embeddable":true,"href":"https:\/\/conexiontotal.press\/index.php\/wp-json\/wp\/v2\/comments?post=20319"}],"version-history":[{"count":1,"href":"https:\/\/conexiontotal.press\/index.php\/wp-json\/wp\/v2\/posts\/20319\/revisions"}],"predecessor-version":[{"id":20321,"href":"https:\/\/conexiontotal.press\/index.php\/wp-json\/wp\/v2\/posts\/20319\/revisions\/20321"}],"wp:featuredmedia":[{"embeddable":true,"href":"https:\/\/conexiontotal.press\/index.php\/wp-json\/wp\/v2\/media\/20320"}],"wp:attachment":[{"href":"https:\/\/conexiontotal.press\/index.php\/wp-json\/wp\/v2\/media?parent=20319"}],"wp:term":[{"taxonomy":"category","embeddable":true,"href":"https:\/\/conexiontotal.press\/index.php\/wp-json\/wp\/v2\/categories?post=20319"},{"taxonomy":"post_tag","embeddable":true,"href":"https:\/\/conexiontotal.press\/index.php\/wp-json\/wp\/v2\/tags?post=20319"}],"curies":[{"name":"wp","href":"https:\/\/api.w.org\/{rel}","templated":true}]}}