{"id":20534,"date":"2025-09-15T11:55:29","date_gmt":"2025-09-15T17:55:29","guid":{"rendered":"https:\/\/conexiontotal.press\/?p=20534"},"modified":"2025-09-17T11:57:27","modified_gmt":"2025-09-17T17:57:27","slug":"celebra-americo-el-grito-de-independencia","status":"publish","type":"post","link":"https:\/\/conexiontotal.press\/index.php\/2025\/09\/15\/celebra-americo-el-grito-de-independencia\/","title":{"rendered":"Celebra Am\u00e9rico el Grito de Independencia"},"content":{"rendered":"<p>El gobernador Am\u00e9rico Villarreal Anaya encabez\u00f3 la ceremonia del 215 aniversario del Grito de Independencia donde vitore\u00f3 a los h\u00e9roes que nos dieron patria y libertad; incluyendo en su arenga vivas a la honestidad y la justicia.<\/p>\n<p><br data-reader-unique-id=\"1\" \/>Ante la presencia de cientos de familias que acudieron al llamado para celebrar ls fiestas patrias en la Plaza Ju\u00e1rez, el Gobernador Am\u00e9rico Villarreal, acompa\u00f1ado por su esposa, la presidenta del DIF<\/p>\n<p>Estatal, Mar\u00eda de Villarreal, y los titulares de los Poderes Legislativo y Judicial, sali\u00f3 al p\u00f3rtico principal de Palacio de Gobierno.<\/p>\n<p>La escolta del 77 Batall\u00f3n de Infanter\u00eda, entreg\u00f3 la bandera nacional al mandatario y evocando el llamado de Miguel Hidalgo y Costilla, el Padre de la Patria al pueblo de Dolores aquella madrugada de 1819 areng\u00f3:<\/p>\n<p>\u201c\u00a1Tamaulipecos, tamaulipecas!, \u00a1Viva la Independencia Nacional!, \u00a1Vivan las hero\u00ednas y h\u00e9roes que nos dieron Patria y Libertad!, \u00a1Viva Miguel Hidalgo y Costilla!, \u00a1Viva Jos\u00e9 Mar\u00eda Morelos y Pav\u00f3n!, \u00a1Viva Josefa Ortiz de Dom\u00ednguez!, \u00a1Viva Ignacio Allende!, \u00a1Viva Leona Vicario!, \u00a1Viva Vicente Guerrero!, \u00a1Viva Mariano Matamoros!, \u00a1Vivan los independentistas tamaulipecos!, Viva Isadora Ovalle!, \u00a1Viva Felipe<\/p>\n<p>De la Garza y Cisneros!, \u00a1Viva Bernardo G\u00f3mez de Lara!, \u00a1Viva la honestidad y la justicia!, \u00a1Vivan nuestras y nuestros hermanos migrantes!, \u00a1viva Tamaulipas!, \u00a1viva Tamaulipas!, \u00a1viva M\u00e9xico!, \u00a1Que Viva M\u00e9xico!, \u00a1 Que viva M\u00e9xico!\u201d.<\/p>\n<p>Para concluir el acto oficial, ta\u00f1\u00f3 en 19 ocasiones la campana, tal como lo hizo el Padre de la Patria para llamar a tomar las armas y onde\u00f3 el l\u00e1baro patrio, para despu\u00e9s dar paso a la entonaci\u00f3n del Himno<\/p>\n<p>Nacional y posteriormente inici\u00f3 un espect\u00e1culo de rayo l\u00e1ser y pirotecnia para el deleite de las familias.<\/p>\n<p>La noche mexicana que inici\u00f3 a las 17:00 horas con la presentaci\u00f3n de grupos locales, concluir\u00e1 con un concierto de Los \u00c1ngeles Azules, que pusieron a bailar a todos los presentes.<\/p>\n<p>Perla Resendez<\/p>\n","protected":false},"excerpt":{"rendered":"<p>El gobernador Am\u00e9rico Villarreal Anaya encabez\u00f3 la ceremonia del 215 aniversario del Grito de Independencia donde vitore\u00f3 a los h\u00e9roes que nos dieron patria y libertad; incluyendo en su arenga vivas a la honestidad y la justicia. Ante la presencia de cientos de familias que acudieron al llamado para celebrar ls fiestas patrias en la [&hellip;]<\/p>\n","protected":false},"author":4,"featured_media":20535,"comment_status":"closed","ping_status":"closed","sticky":false,"template":"","format":"standard","meta":{"footnotes":""},"categories":[3],"tags":[],"class_list":["post-20534","post","type-post","status-publish","format-standard","has-post-thumbnail","hentry","category-victoria"],"_links":{"self":[{"href":"https:\/\/conexiontotal.press\/index.php\/wp-json\/wp\/v2\/posts\/20534","targetHints":{"allow":["GET"]}}],"collection":[{"href":"https:\/\/conexiontotal.press\/index.php\/wp-json\/wp\/v2\/posts"}],"about":[{"href":"https:\/\/conexiontotal.press\/index.php\/wp-json\/wp\/v2\/types\/post"}],"author":[{"embeddable":true,"href":"https:\/\/conexiontotal.press\/index.php\/wp-json\/wp\/v2\/users\/4"}],"replies":[{"embeddable":true,"href":"https:\/\/conexiontotal.press\/index.php\/wp-json\/wp\/v2\/comments?post=20534"}],"version-history":[{"count":1,"href":"https:\/\/conexiontotal.press\/index.php\/wp-json\/wp\/v2\/posts\/20534\/revisions"}],"predecessor-version":[{"id":20536,"href":"https:\/\/conexiontotal.press\/index.php\/wp-json\/wp\/v2\/posts\/20534\/revisions\/20536"}],"wp:featuredmedia":[{"embeddable":true,"href":"https:\/\/conexiontotal.press\/index.php\/wp-json\/wp\/v2\/media\/20535"}],"wp:attachment":[{"href":"https:\/\/conexiontotal.press\/index.php\/wp-json\/wp\/v2\/media?parent=20534"}],"wp:term":[{"taxonomy":"category","embeddable":true,"href":"https:\/\/conexiontotal.press\/index.php\/wp-json\/wp\/v2\/categories?post=20534"},{"taxonomy":"post_tag","embeddable":true,"href":"https:\/\/conexiontotal.press\/index.php\/wp-json\/wp\/v2\/tags?post=20534"}],"curies":[{"name":"wp","href":"https:\/\/api.w.org\/{rel}","templated":true}]}}