{"id":20631,"date":"2025-09-28T10:29:51","date_gmt":"2025-09-28T16:29:51","guid":{"rendered":"https:\/\/conexiontotal.press\/?p=20631"},"modified":"2025-10-01T10:30:00","modified_gmt":"2025-10-01T16:30:00","slug":"abre-la-uat-convocatoria-para-estudiar-la-prepa-en-linea","status":"publish","type":"post","link":"https:\/\/conexiontotal.press\/index.php\/2025\/09\/28\/abre-la-uat-convocatoria-para-estudiar-la-prepa-en-linea\/","title":{"rendered":"Abre la UAT convocatoria para estudiar la prepa en l\u00ednea\u00a0"},"content":{"rendered":"<p>La Universidad Aut\u00f3noma de Tamaulipas (UAT) abri\u00f3 la convocatoria para ingresar al Programa de Bachillerato Virtual, que dar\u00e1 la oportunidad de estudiar en un modelo flexible, innovador y transformador en el nivel medio superior.<\/p>\n<p>El rector de la UAT, D\u00e1maso Anaya Alvarado, dio a conocer la apertura de este programa reafirmando el compromiso de ampliar la cobertura de bachillerato en beneficio de los j\u00f3venes, y de brindar un acceso equitativo a quienes, por alguna raz\u00f3n, no han podido concluir sus estudios de preparatoria.<\/p>\n<p>Explic\u00f3 que, el nuevo modelo, aprobado recientemente por la Asamblea Universitaria, est\u00e1 dirigido a personas mayores de 18 a\u00f1os que no han concluido sus estudios de preparatoria y que buscan una alternativa accesible para avanzar en su preparaci\u00f3n acad\u00e9mica.<\/p>\n<p>Dijo que la preparatoria en l\u00ednea permitir\u00e1 que estudiantes de Tamaulipas, y de cualquier parte del pa\u00eds, se integren a este esquema formativo, dise\u00f1ado para responder a las necesidades actuales de la sociedad.<\/p>\n<p>El plan de estudios tiene una duraci\u00f3n de dos a\u00f1os en modalidad cuatrimestral, mediante asignaturas en humanidades, ciencias exactas, sociales, naturales y de la salud, incorporando ejes de innovaci\u00f3n, sostenibilidad, cultura digital, \u00e9tica y derechos humanos, lo que consolida un modelo flexible e innovador que impulsa habilidades cr\u00edticas, creativas y tecnol\u00f3gicas.<\/p>\n<p>El proceso de registro permanecer\u00e1 abierto hasta el 19 de octubre de 2025 a trav\u00e9s del sitio oficial:\u00a0 https:\/\/bachilleratovirtual.uat.edu.mx, donde tambi\u00e9n puede ser consultada la convocatoria.<\/p>\n<p>Los aspirantes deber\u00e1n contar con certificado de secundaria, acta de nacimiento, CURP, RFC, identificaci\u00f3n oficial y una fotograf\u00eda digital. Es indispensable disponer de equipo de c\u00f3mputo o dispositivo m\u00f3vil con acceso a internet.<\/p>\n<p>El curso proped\u00e9utico de inducci\u00f3n ser\u00e1 del 20 de octubre al 14 de noviembre de 2025, en el cual recibir\u00e1n orientaci\u00f3n y capacitaci\u00f3n para familiarizarse con el entorno digital y con el modelo de educaci\u00f3n virtual. Las inscripciones se llevar\u00e1n a cabo del 17 de noviembre de 2025 al 16 de enero de 2026, y el primer semestre dar\u00e1 inicio en enero de 2026.<\/p>\n<p>&nbsp;<\/p>\n","protected":false},"excerpt":{"rendered":"<p>La Universidad Aut\u00f3noma de Tamaulipas (UAT) abri\u00f3 la convocatoria para ingresar al Programa de Bachillerato Virtual, que dar\u00e1 la oportunidad de estudiar en un modelo flexible, innovador y transformador en el nivel medio superior. El rector de la UAT, D\u00e1maso Anaya Alvarado, dio a conocer la apertura de este programa reafirmando el compromiso de ampliar [&hellip;]<\/p>\n","protected":false},"author":4,"featured_media":20632,"comment_status":"closed","ping_status":"closed","sticky":false,"template":"","format":"standard","meta":{"footnotes":""},"categories":[3],"tags":[],"class_list":["post-20631","post","type-post","status-publish","format-standard","has-post-thumbnail","hentry","category-victoria"],"_links":{"self":[{"href":"https:\/\/conexiontotal.press\/index.php\/wp-json\/wp\/v2\/posts\/20631","targetHints":{"allow":["GET"]}}],"collection":[{"href":"https:\/\/conexiontotal.press\/index.php\/wp-json\/wp\/v2\/posts"}],"about":[{"href":"https:\/\/conexiontotal.press\/index.php\/wp-json\/wp\/v2\/types\/post"}],"author":[{"embeddable":true,"href":"https:\/\/conexiontotal.press\/index.php\/wp-json\/wp\/v2\/users\/4"}],"replies":[{"embeddable":true,"href":"https:\/\/conexiontotal.press\/index.php\/wp-json\/wp\/v2\/comments?post=20631"}],"version-history":[{"count":1,"href":"https:\/\/conexiontotal.press\/index.php\/wp-json\/wp\/v2\/posts\/20631\/revisions"}],"predecessor-version":[{"id":20633,"href":"https:\/\/conexiontotal.press\/index.php\/wp-json\/wp\/v2\/posts\/20631\/revisions\/20633"}],"wp:featuredmedia":[{"embeddable":true,"href":"https:\/\/conexiontotal.press\/index.php\/wp-json\/wp\/v2\/media\/20632"}],"wp:attachment":[{"href":"https:\/\/conexiontotal.press\/index.php\/wp-json\/wp\/v2\/media?parent=20631"}],"wp:term":[{"taxonomy":"category","embeddable":true,"href":"https:\/\/conexiontotal.press\/index.php\/wp-json\/wp\/v2\/categories?post=20631"},{"taxonomy":"post_tag","embeddable":true,"href":"https:\/\/conexiontotal.press\/index.php\/wp-json\/wp\/v2\/tags?post=20631"}],"curies":[{"name":"wp","href":"https:\/\/api.w.org\/{rel}","templated":true}]}}