{"id":20696,"date":"2025-10-17T10:07:13","date_gmt":"2025-10-17T16:07:13","guid":{"rendered":"https:\/\/conexiontotal.press\/?p=20696"},"modified":"2025-10-17T10:07:13","modified_gmt":"2025-10-17T16:07:13","slug":"ofrece-gobierno-de-tamaulipas-descuentos-en-licencias-de-conducir-durante-la-feria-tamaulipas-2025","status":"publish","type":"post","link":"https:\/\/conexiontotal.press\/index.php\/2025\/10\/17\/ofrece-gobierno-de-tamaulipas-descuentos-en-licencias-de-conducir-durante-la-feria-tamaulipas-2025\/","title":{"rendered":"Ofrece Gobierno de Tamaulipas descuentos en licencias de conducir durante la Feria Tamaulipas 2025"},"content":{"rendered":"<p>Ciudad Victoria, Tamaulipas.- Con el prop\u00f3sito de apoyar la econom\u00eda de las y los tamaulipecos, as\u00ed como de promover la regularizaci\u00f3n de tr\u00e1mites vehiculares, el Gobierno del Estado de Tamaulipas, a trav\u00e9s de la Secretar\u00eda de Finanzas, pone a disposici\u00f3n de la ciudadan\u00eda descuentos especiales en la expedici\u00f3n y reposici\u00f3n de licencias de conducir durante la Feria Tamaulipas 2025.<\/p>\n<p>El secretario de Finanzas, Jes\u00fas Lav\u00edn Ver\u00e1stegui, inform\u00f3 que, durante el desarrollo de la feria, las y los asistentes podr\u00e1n aprovechar los siguientes costos preferenciales:<\/p>\n<p>Licencia de conducir para motociclista: de $1,697 a $849 pesos<\/p>\n<p>Licencia de automovilista: de $1,358 a $679 pesos<\/p>\n<p>Licencia de operador de transporte p\u00fablico: de $1,358 a $679 pesos<\/p>\n<p>Reposici\u00f3n de licencia: $566 pesos<\/p>\n<p><img loading=\"lazy\" decoding=\"async\" class=\"alignnone size-medium wp-image-20698\" src=\"https:\/\/conexiontotal.press\/wp-content\/uploads\/2025\/10\/Unknown-1-133x300.jpg\" alt=\"\" width=\"133\" height=\"300\" srcset=\"https:\/\/conexiontotal.press\/wp-content\/uploads\/2025\/10\/Unknown-1-133x300.jpg 133w, https:\/\/conexiontotal.press\/wp-content\/uploads\/2025\/10\/Unknown-1.jpg 455w\" sizes=\"auto, (max-width: 133px) 100vw, 133px\" \/><\/p>\n<p>Estos descuentos estar\u00e1n disponibles en el m\u00f3dulo de la Secretar\u00eda de Finanzas, instalado dentro de la Feria Tamaulipas 2025, con un horario de atenci\u00f3n de lunes a domingo, de 5:00 p.m. a 9:00 p.m.<\/p>\n<p>El personal capacitado brindar\u00e1 orientaci\u00f3n y apoyo a la ciudadan\u00eda en materia de tr\u00e1mites y servicios vehiculares.<\/p>\n<p>Lav\u00edn Ver\u00e1stegui, dijo que en congruencia con las pol\u00edticas p\u00fablicas impulsadas por el gobernador Am\u00e9rico Villarreal Anaya, orientadas a acercar los beneficios del gobierno a la poblaci\u00f3n y fortalecer la econom\u00eda familiar, el Gobierno del Estado de Tamaulipas, a trav\u00e9s de la Secretar\u00eda de Finanzas, reafirma el compromiso con el bienestar de las familias tamaulipecas, mediante la oferta de servicios accesibles, transparentes y cercanos a la gente, que faciliten el acceso a los tr\u00e1mites y beneficios para todas y todos.<\/p>\n<p>STAFF<\/p>\n","protected":false},"excerpt":{"rendered":"<p>Ciudad Victoria, Tamaulipas.- Con el prop\u00f3sito de apoyar la econom\u00eda de las y los tamaulipecos, as\u00ed como de promover la regularizaci\u00f3n de tr\u00e1mites vehiculares, el Gobierno del Estado de Tamaulipas, a trav\u00e9s de la Secretar\u00eda de Finanzas, pone a disposici\u00f3n de la ciudadan\u00eda descuentos especiales en la expedici\u00f3n y reposici\u00f3n de licencias de conducir durante [&hellip;]<\/p>\n","protected":false},"author":4,"featured_media":20697,"comment_status":"closed","ping_status":"closed","sticky":false,"template":"","format":"standard","meta":{"footnotes":""},"categories":[3],"tags":[],"class_list":["post-20696","post","type-post","status-publish","format-standard","has-post-thumbnail","hentry","category-victoria"],"_links":{"self":[{"href":"https:\/\/conexiontotal.press\/index.php\/wp-json\/wp\/v2\/posts\/20696","targetHints":{"allow":["GET"]}}],"collection":[{"href":"https:\/\/conexiontotal.press\/index.php\/wp-json\/wp\/v2\/posts"}],"about":[{"href":"https:\/\/conexiontotal.press\/index.php\/wp-json\/wp\/v2\/types\/post"}],"author":[{"embeddable":true,"href":"https:\/\/conexiontotal.press\/index.php\/wp-json\/wp\/v2\/users\/4"}],"replies":[{"embeddable":true,"href":"https:\/\/conexiontotal.press\/index.php\/wp-json\/wp\/v2\/comments?post=20696"}],"version-history":[{"count":1,"href":"https:\/\/conexiontotal.press\/index.php\/wp-json\/wp\/v2\/posts\/20696\/revisions"}],"predecessor-version":[{"id":20699,"href":"https:\/\/conexiontotal.press\/index.php\/wp-json\/wp\/v2\/posts\/20696\/revisions\/20699"}],"wp:featuredmedia":[{"embeddable":true,"href":"https:\/\/conexiontotal.press\/index.php\/wp-json\/wp\/v2\/media\/20697"}],"wp:attachment":[{"href":"https:\/\/conexiontotal.press\/index.php\/wp-json\/wp\/v2\/media?parent=20696"}],"wp:term":[{"taxonomy":"category","embeddable":true,"href":"https:\/\/conexiontotal.press\/index.php\/wp-json\/wp\/v2\/categories?post=20696"},{"taxonomy":"post_tag","embeddable":true,"href":"https:\/\/conexiontotal.press\/index.php\/wp-json\/wp\/v2\/tags?post=20696"}],"curies":[{"name":"wp","href":"https:\/\/api.w.org\/{rel}","templated":true}]}}