{"id":20706,"date":"2025-10-24T16:28:34","date_gmt":"2025-10-24T22:28:34","guid":{"rendered":"https:\/\/conexiontotal.press\/?p=20706"},"modified":"2025-10-24T16:28:34","modified_gmt":"2025-10-24T22:28:34","slug":"daniela-plata-coordinara-la-red-de-periodistas-con-vision-de-genero-de-victoria","status":"publish","type":"post","link":"https:\/\/conexiontotal.press\/index.php\/2025\/10\/24\/daniela-plata-coordinara-la-red-de-periodistas-con-vision-de-genero-de-victoria\/","title":{"rendered":"Daniela Plata coordinara la Red de periodistas con visi\u00f3n de g\u00e9nero de Victoria"},"content":{"rendered":"<p>CIUDAD VICTORIA, Tam. \u2014 En un ejercicio democr\u00e1tico las integrantes de la Red de Periodistas con Visi\u00f3n de G\u00e9nero de Victoria eligieron a su nueva coordinaci\u00f3n municipal, que ser\u00e1 encabezada por Daniela Plata, con el compromiso de seguir impulsando un periodismo libre de violencia y con igualdad para las mujeres comunicadoras.<\/p>\n<p>Durante la asamblea, participaron 21 integrantes de la organizaci\u00f3n, quienes refrendaron su voluntad de fortalecer los espacios de formaci\u00f3n y acompa\u00f1amiento entre mujeres periodistas. En el nuevo equipo, Miriam Vallejano asumir\u00e1 la Secretar\u00eda General, mientras que Esther Luna ocupar\u00e1 la Tesorer\u00eda General.<\/p>\n<p>Tambi\u00e9n se integraron las siguientes comisiones:<\/p>\n<p>Comisi\u00f3n de Alertas, a cargo de Mar\u00eda Guadalupe Jaramillo y Rosa Mar\u00eda Rodr\u00edguez Quintanilla, para atender casos de riesgo contra mujeres periodistas.<\/p>\n<p>Comisi\u00f3n de Organizaci\u00f3n, coordinada por Rosy Zertuche, con el objetivo de mantener la cohesi\u00f3n y representatividad de la red.<\/p>\n<p>Comisi\u00f3n de Capacitaci\u00f3n, encabezada por Marcela Guzm\u00e1n, que dar\u00e1 continuidad al programa de capacitaci\u00f3n en periodismo con perspectiva de g\u00e9nero.<\/p>\n<p>Comisi\u00f3n de Prensa, a cargo de Guadalupe Dom\u00ednguez, para fortalecer la difusi\u00f3n de contenidos con enfoque de derechos humanos e igualdad.<\/p>\n<p>La nueva coordinaci\u00f3n asumi\u00f3 el compromiso de continuar el trabajo colectivo que ha permitido visibilizar las desigualdades en el ejercicio period\u00edstico y promover la construcci\u00f3n de entornos seguros para las mujeres que ejercen la comunicaci\u00f3n en Tamaulipas.<\/p>\n<p>\u201cLa red se consolida como un espacio de acompa\u00f1amiento, aprendizaje y defensa del derecho de las mujeres periodistas a ejercer su labor sin discriminaci\u00f3n ni violencia\u201d, expresaron las integrantes durante el encuentro.<\/p>\n","protected":false},"excerpt":{"rendered":"<p>CIUDAD VICTORIA, Tam. \u2014 En un ejercicio democr\u00e1tico las integrantes de la Red de Periodistas con Visi\u00f3n de G\u00e9nero de Victoria eligieron a su nueva coordinaci\u00f3n municipal, que ser\u00e1 encabezada por Daniela Plata, con el compromiso de seguir impulsando un periodismo libre de violencia y con igualdad para las mujeres comunicadoras. Durante la asamblea, participaron [&hellip;]<\/p>\n","protected":false},"author":4,"featured_media":20707,"comment_status":"closed","ping_status":"closed","sticky":false,"template":"","format":"standard","meta":{"footnotes":""},"categories":[3],"tags":[],"class_list":["post-20706","post","type-post","status-publish","format-standard","has-post-thumbnail","hentry","category-victoria"],"_links":{"self":[{"href":"https:\/\/conexiontotal.press\/index.php\/wp-json\/wp\/v2\/posts\/20706","targetHints":{"allow":["GET"]}}],"collection":[{"href":"https:\/\/conexiontotal.press\/index.php\/wp-json\/wp\/v2\/posts"}],"about":[{"href":"https:\/\/conexiontotal.press\/index.php\/wp-json\/wp\/v2\/types\/post"}],"author":[{"embeddable":true,"href":"https:\/\/conexiontotal.press\/index.php\/wp-json\/wp\/v2\/users\/4"}],"replies":[{"embeddable":true,"href":"https:\/\/conexiontotal.press\/index.php\/wp-json\/wp\/v2\/comments?post=20706"}],"version-history":[{"count":1,"href":"https:\/\/conexiontotal.press\/index.php\/wp-json\/wp\/v2\/posts\/20706\/revisions"}],"predecessor-version":[{"id":20708,"href":"https:\/\/conexiontotal.press\/index.php\/wp-json\/wp\/v2\/posts\/20706\/revisions\/20708"}],"wp:featuredmedia":[{"embeddable":true,"href":"https:\/\/conexiontotal.press\/index.php\/wp-json\/wp\/v2\/media\/20707"}],"wp:attachment":[{"href":"https:\/\/conexiontotal.press\/index.php\/wp-json\/wp\/v2\/media?parent=20706"}],"wp:term":[{"taxonomy":"category","embeddable":true,"href":"https:\/\/conexiontotal.press\/index.php\/wp-json\/wp\/v2\/categories?post=20706"},{"taxonomy":"post_tag","embeddable":true,"href":"https:\/\/conexiontotal.press\/index.php\/wp-json\/wp\/v2\/tags?post=20706"}],"curies":[{"name":"wp","href":"https:\/\/api.w.org\/{rel}","templated":true}]}}