{"id":20813,"date":"2025-10-20T09:32:50","date_gmt":"2025-10-20T15:32:50","guid":{"rendered":"https:\/\/conexiontotal.press\/?p=20813"},"modified":"2025-11-03T09:33:01","modified_gmt":"2025-11-03T15:33:01","slug":"armando-arce-asume-presidencia-del-club-correcaminos","status":"publish","type":"post","link":"https:\/\/conexiontotal.press\/index.php\/2025\/10\/20\/armando-arce-asume-presidencia-del-club-correcaminos\/","title":{"rendered":"Armando Arce asume presidencia del Club Correcaminos\u00a0"},"content":{"rendered":"<p>El rector D\u00e1maso Anaya Alvarado le dio la bienvenida y le entreg\u00f3 la camiseta del equipo, destacando que la experiencia y liderazgo de Armando Arce dentro del futbol ser\u00e1 fundamental en la b\u00fasqueda de resultados positivos para toda nuestra gran afici\u00f3n.<\/p>\n<p>Asimismo, confi\u00f3 en que el proyecto de Correcaminos se fortalecer\u00e1 para contar con un equipo competitivo en el f\u00fatbol profesional mexicano.<\/p>\n<p>Por su parte, Armando Arce agradeci\u00f3 la invitaci\u00f3n a sumarse al Correcaminos de la UAT y asever\u00f3 que pondr\u00e1 su mejor esfuerzo para conformar el equipo que merecen los victorenses.A<\/p>\n","protected":false},"excerpt":{"rendered":"<p>El rector D\u00e1maso Anaya Alvarado le dio la bienvenida y le entreg\u00f3 la camiseta del equipo, destacando que la experiencia y liderazgo de Armando Arce dentro del futbol ser\u00e1 fundamental en la b\u00fasqueda de resultados positivos para toda nuestra gran afici\u00f3n. Asimismo, confi\u00f3 en que el proyecto de Correcaminos se fortalecer\u00e1 para contar con un [&hellip;]<\/p>\n","protected":false},"author":4,"featured_media":20814,"comment_status":"closed","ping_status":"closed","sticky":false,"template":"","format":"standard","meta":{"footnotes":""},"categories":[15],"tags":[],"class_list":["post-20813","post","type-post","status-publish","format-standard","has-post-thumbnail","hentry","category-deportes"],"_links":{"self":[{"href":"https:\/\/conexiontotal.press\/index.php\/wp-json\/wp\/v2\/posts\/20813","targetHints":{"allow":["GET"]}}],"collection":[{"href":"https:\/\/conexiontotal.press\/index.php\/wp-json\/wp\/v2\/posts"}],"about":[{"href":"https:\/\/conexiontotal.press\/index.php\/wp-json\/wp\/v2\/types\/post"}],"author":[{"embeddable":true,"href":"https:\/\/conexiontotal.press\/index.php\/wp-json\/wp\/v2\/users\/4"}],"replies":[{"embeddable":true,"href":"https:\/\/conexiontotal.press\/index.php\/wp-json\/wp\/v2\/comments?post=20813"}],"version-history":[{"count":1,"href":"https:\/\/conexiontotal.press\/index.php\/wp-json\/wp\/v2\/posts\/20813\/revisions"}],"predecessor-version":[{"id":20815,"href":"https:\/\/conexiontotal.press\/index.php\/wp-json\/wp\/v2\/posts\/20813\/revisions\/20815"}],"wp:featuredmedia":[{"embeddable":true,"href":"https:\/\/conexiontotal.press\/index.php\/wp-json\/wp\/v2\/media\/20814"}],"wp:attachment":[{"href":"https:\/\/conexiontotal.press\/index.php\/wp-json\/wp\/v2\/media?parent=20813"}],"wp:term":[{"taxonomy":"category","embeddable":true,"href":"https:\/\/conexiontotal.press\/index.php\/wp-json\/wp\/v2\/categories?post=20813"},{"taxonomy":"post_tag","embeddable":true,"href":"https:\/\/conexiontotal.press\/index.php\/wp-json\/wp\/v2\/tags?post=20813"}],"curies":[{"name":"wp","href":"https:\/\/api.w.org\/{rel}","templated":true}]}}