{"id":20819,"date":"2025-10-21T09:38:46","date_gmt":"2025-10-21T15:38:46","guid":{"rendered":"https:\/\/conexiontotal.press\/?p=20819"},"modified":"2025-11-03T09:38:55","modified_gmt":"2025-11-03T15:38:55","slug":"la-uat-comparte-su-espiritu-universitario-en-la-feria-tamaulipas-2025","status":"publish","type":"post","link":"https:\/\/conexiontotal.press\/index.php\/2025\/10\/21\/la-uat-comparte-su-espiritu-universitario-en-la-feria-tamaulipas-2025\/","title":{"rendered":"La UAT comparte su esp\u00edritu universitario en la Feria Tamaulipas 2025\u00a0"},"content":{"rendered":"<p>La Universidad Aut\u00f3noma de Tamaulipas (UAT) participa en la Feria Tamaulipas 2025, que se lleva a cabo del 16 al 27 de octubre en el recinto ferial del Parque Bicentenario de Ciudad Victoria, con un stand que refleja la creatividad, el talento y la diversidad acad\u00e9mica de la m\u00e1xima casa de estudios del estado.<\/p>\n<p>El espacio universitario se ha convertido en un punto de encuentro para las familias tamaulipecas y visitantes, quienes pueden conocer de cerca la oferta educativa de la UAT, as\u00ed como las actividades acad\u00e9micas, culturales, cient\u00edficas y deportivas que la instituci\u00f3n impulsa en sus distintas facultades, unidades acad\u00e9micas y dependencias.<\/p>\n<p>A lo largo de los d\u00edas de feria, el stand de la UAT ofrece muestras art\u00edsticas y presentaciones estudiantiles, adem\u00e1s de din\u00e1micas interactivas y demostraciones deportivas que promueven el orgullo de pertenecer a la comunidad universitaria.<\/p>\n<p>El stand tambi\u00e9n cuenta con m\u00f3dulos de atenci\u00f3n donde personal universitario brinda informaci\u00f3n sobre procesos de admisi\u00f3n, programas de licenciatura y posgrado, as\u00ed como sobre los servicios y proyectos de vinculaci\u00f3n que la UAT desarrolla en beneficio de la sociedad.<\/p>\n<p>La UAT invita cordialmente a toda la comunidad a visitar su stand en la<\/p>\n<p>la Feria Tamaulipas 2025 y a disfrutar de un espacio donde se celebra el talento, la ciencia, la cultura y el orgullo de ser Orgullosamente UAT<\/p>\n","protected":false},"excerpt":{"rendered":"<p>La Universidad Aut\u00f3noma de Tamaulipas (UAT) participa en la Feria Tamaulipas 2025, que se lleva a cabo del 16 al 27 de octubre en el recinto ferial del Parque Bicentenario de Ciudad Victoria, con un stand que refleja la creatividad, el talento y la diversidad acad\u00e9mica de la m\u00e1xima casa de estudios del estado. El [&hellip;]<\/p>\n","protected":false},"author":4,"featured_media":20820,"comment_status":"closed","ping_status":"closed","sticky":false,"template":"","format":"standard","meta":{"footnotes":""},"categories":[3],"tags":[],"class_list":["post-20819","post","type-post","status-publish","format-standard","has-post-thumbnail","hentry","category-victoria"],"_links":{"self":[{"href":"https:\/\/conexiontotal.press\/index.php\/wp-json\/wp\/v2\/posts\/20819","targetHints":{"allow":["GET"]}}],"collection":[{"href":"https:\/\/conexiontotal.press\/index.php\/wp-json\/wp\/v2\/posts"}],"about":[{"href":"https:\/\/conexiontotal.press\/index.php\/wp-json\/wp\/v2\/types\/post"}],"author":[{"embeddable":true,"href":"https:\/\/conexiontotal.press\/index.php\/wp-json\/wp\/v2\/users\/4"}],"replies":[{"embeddable":true,"href":"https:\/\/conexiontotal.press\/index.php\/wp-json\/wp\/v2\/comments?post=20819"}],"version-history":[{"count":1,"href":"https:\/\/conexiontotal.press\/index.php\/wp-json\/wp\/v2\/posts\/20819\/revisions"}],"predecessor-version":[{"id":20821,"href":"https:\/\/conexiontotal.press\/index.php\/wp-json\/wp\/v2\/posts\/20819\/revisions\/20821"}],"wp:featuredmedia":[{"embeddable":true,"href":"https:\/\/conexiontotal.press\/index.php\/wp-json\/wp\/v2\/media\/20820"}],"wp:attachment":[{"href":"https:\/\/conexiontotal.press\/index.php\/wp-json\/wp\/v2\/media?parent=20819"}],"wp:term":[{"taxonomy":"category","embeddable":true,"href":"https:\/\/conexiontotal.press\/index.php\/wp-json\/wp\/v2\/categories?post=20819"},{"taxonomy":"post_tag","embeddable":true,"href":"https:\/\/conexiontotal.press\/index.php\/wp-json\/wp\/v2\/tags?post=20819"}],"curies":[{"name":"wp","href":"https:\/\/api.w.org\/{rel}","templated":true}]}}