{"id":20873,"date":"2025-11-05T08:19:58","date_gmt":"2025-11-05T14:19:58","guid":{"rendered":"https:\/\/conexiontotal.press\/?p=20873"},"modified":"2025-11-05T08:20:24","modified_gmt":"2025-11-05T14:20:24","slug":"afianzan-sector-salud-con-nombramientos","status":"publish","type":"post","link":"https:\/\/conexiontotal.press\/index.php\/2025\/11\/05\/afianzan-sector-salud-con-nombramientos\/","title":{"rendered":"Afianzan sector salud con nombramientos"},"content":{"rendered":"<p data-reader-unique-id=\"1\"><strong data-reader-unique-id=\"2\">CIUDAD VICTORIA, TAMAULIPAS.-<\/strong> El secretario de Salud de Tamaulipas, Vicente Joel Hern\u00e1ndez Navarro, entreg\u00f3<span data-reader-unique-id=\"3\">\u00a0 <\/span>nombramientos oficiales a quienes ocupar\u00e1n cargos dentro de la nueva estructura org\u00e1nica de la dependencia estatal, instruida por el gobernador Am\u00e9rico Villarreal Anaya.<\/p>\n<p data-reader-unique-id=\"9\">Durante el acto, Hern\u00e1ndez Navarro exhort\u00f3 a las y los nuevos funcionarios a desempe\u00f1arse con transparencia, calidad, humanismo y compromiso, para fortalecer la prevenci\u00f3n, la atenci\u00f3n m\u00e9dica y el bienestar de la poblaci\u00f3n tamaulipeca.<\/p>\n<blockquote data-reader-unique-id=\"13\">\n<p data-reader-unique-id=\"14\"><em data-reader-unique-id=\"15\"><strong data-reader-unique-id=\"16\">\u201cTenemos la responsabilidad de trabajar con entusiasmo, honestidad y profesionalismo, bajo los principios de servicio al pueblo que impulsa el doctor Am\u00e9rico Villarreal\u201d, expres\u00f3 el titular de la dependencia.<\/strong><\/em><\/p>\n<\/blockquote>\n<p data-reader-unique-id=\"17\">Entre los principales nombramientos destacan:<\/p>\n<p data-reader-unique-id=\"21\">Dr. Gabriel de la Garza Garza, director general de Pol\u00edticas de Salud y Bienestar Poblacional.<\/p>\n<p data-reader-unique-id=\"22\">Dr. Carlos Arturo Gonz\u00e1lez Castro, director general de Coordinaci\u00f3n de Servicios M\u00e9dicos, Calidad y Ense\u00f1anza.<\/p>\n<p data-reader-unique-id=\"23\">Lic. Loyda Ram\u00edrez L\u00f3pez, directora general de Planeaci\u00f3n y Desarrollo del Sector Salud.<\/p>\n<p data-reader-unique-id=\"24\">Lic. Adri\u00e1n Villanueva G\u00f3mez, director de Administraci\u00f3n y Finanzas.<\/p>\n<p data-reader-unique-id=\"25\">Dr. Rembrandt Reyes N\u00e1jera, director de Prevenci\u00f3n y Promoci\u00f3n de la Salud.<\/p>\n<p data-reader-unique-id=\"26\">Dra. Sergia Ju\u00e1rez Delgado, directora de Salud Reproductiva y Atenci\u00f3n a la Infancia y la Adolescencia.<\/p>\n<p data-reader-unique-id=\"27\">Lic. Irma Barrag\u00e1n Alvarado, directora general de Enfermer\u00eda.<\/p>\n<p data-reader-unique-id=\"28\">Dra. Brenda Patricia Plata Flores, Directora de Coordinaci\u00f3n de Servicios de Atenci\u00f3n Medica<span data-reader-unique-id=\"29\">\u00a0<\/span><\/p>\n<p data-reader-unique-id=\"30\">Lic. Iv\u00e1n Salda\u00f1a Maga\u00f1a, director de Asuntos Jur\u00eddicos y de Transparencia.<\/p>\n<p data-reader-unique-id=\"31\">Dr. Lujhon Guillermo Flor\u00e9z Guti\u00e9rrez, director de Medicina de Estilo de Vida Saludable.<\/p>\n<p data-reader-unique-id=\"32\">Dr. Sergio Eduardo Uriegas Camargo, director de Epidemiolog\u00eda.<\/p>\n<p data-reader-unique-id=\"33\">Dra. Juana Mar\u00eda C\u00e1rdenas Serna, directora del Centro Estatal de Transfusi\u00f3n Sangu\u00ednea.<\/p>\n<p data-reader-unique-id=\"34\">Q.F.B. Norma Alicia Villarreal Reyes, directora del Laboratorio Estatal de Salud P\u00fablica.<\/p>\n<p data-reader-unique-id=\"35\">El funcionario estatal destac\u00f3 que con esta nueva estructura se busca fortalecer la operaci\u00f3n y coordinaci\u00f3n interna de la Secretar\u00eda de Salud, adem\u00e1s de optimizar los servicios y programas en beneficio de las familias tamaulipecas.<\/p>\n<p data-reader-unique-id=\"36\">Por Ra\u00fal L\u00f3pez Garc\u00eda<\/p>\n<p data-reader-unique-id=\"37\">EXPRESO-LA RAZ\u00d3N<\/p>\n","protected":false},"excerpt":{"rendered":"<p>CIUDAD VICTORIA, TAMAULIPAS.- El secretario de Salud de Tamaulipas, Vicente Joel Hern\u00e1ndez Navarro, entreg\u00f3\u00a0 nombramientos oficiales a quienes ocupar\u00e1n cargos dentro de la nueva estructura org\u00e1nica de la dependencia estatal, instruida por el gobernador Am\u00e9rico Villarreal Anaya. Durante el acto, Hern\u00e1ndez Navarro exhort\u00f3 a las y los nuevos funcionarios a desempe\u00f1arse con transparencia, calidad, humanismo [&hellip;]<\/p>\n","protected":false},"author":4,"featured_media":20874,"comment_status":"closed","ping_status":"closed","sticky":false,"template":"","format":"standard","meta":{"footnotes":""},"categories":[3],"tags":[],"class_list":["post-20873","post","type-post","status-publish","format-standard","has-post-thumbnail","hentry","category-victoria"],"_links":{"self":[{"href":"https:\/\/conexiontotal.press\/index.php\/wp-json\/wp\/v2\/posts\/20873","targetHints":{"allow":["GET"]}}],"collection":[{"href":"https:\/\/conexiontotal.press\/index.php\/wp-json\/wp\/v2\/posts"}],"about":[{"href":"https:\/\/conexiontotal.press\/index.php\/wp-json\/wp\/v2\/types\/post"}],"author":[{"embeddable":true,"href":"https:\/\/conexiontotal.press\/index.php\/wp-json\/wp\/v2\/users\/4"}],"replies":[{"embeddable":true,"href":"https:\/\/conexiontotal.press\/index.php\/wp-json\/wp\/v2\/comments?post=20873"}],"version-history":[{"count":2,"href":"https:\/\/conexiontotal.press\/index.php\/wp-json\/wp\/v2\/posts\/20873\/revisions"}],"predecessor-version":[{"id":20876,"href":"https:\/\/conexiontotal.press\/index.php\/wp-json\/wp\/v2\/posts\/20873\/revisions\/20876"}],"wp:featuredmedia":[{"embeddable":true,"href":"https:\/\/conexiontotal.press\/index.php\/wp-json\/wp\/v2\/media\/20874"}],"wp:attachment":[{"href":"https:\/\/conexiontotal.press\/index.php\/wp-json\/wp\/v2\/media?parent=20873"}],"wp:term":[{"taxonomy":"category","embeddable":true,"href":"https:\/\/conexiontotal.press\/index.php\/wp-json\/wp\/v2\/categories?post=20873"},{"taxonomy":"post_tag","embeddable":true,"href":"https:\/\/conexiontotal.press\/index.php\/wp-json\/wp\/v2\/tags?post=20873"}],"curies":[{"name":"wp","href":"https:\/\/api.w.org\/{rel}","templated":true}]}}