{"id":20892,"date":"2025-11-08T20:04:18","date_gmt":"2025-11-09T02:04:18","guid":{"rendered":"https:\/\/conexiontotal.press\/?p=20892"},"modified":"2025-11-08T20:04:18","modified_gmt":"2025-11-09T02:04:18","slug":"mujeres-periodistas-fortalecen-su-seguridad-digital-en-taller-de-autoproteccion-en-victoria","status":"publish","type":"post","link":"https:\/\/conexiontotal.press\/index.php\/2025\/11\/08\/mujeres-periodistas-fortalecen-su-seguridad-digital-en-taller-de-autoproteccion-en-victoria\/","title":{"rendered":"Mujeres periodistas fortalecen su seguridad digital en taller de autoprotecci\u00f3n en Victoria"},"content":{"rendered":"<p>Ciudad Victoria, Tamaulipas, 8 de noviembre de 2025.\u2013 Con el prop\u00f3sito de fortalecer las capacidades de autoprotecci\u00f3n digital y fomentar el autocuidado en entornos tecnol\u00f3gicos, m\u00e1s de veinte mujeres periodistas y profesionistas participaron este s\u00e1bado en el Taller de Autoprotecci\u00f3n Digital y Seguridad, organizado por la Red de Mujeres Periodistas de Tamaulipas, A.C. y la Asociaci\u00f3n de Mujeres Profesionistas de Victoria, A.C.<\/p>\n<p>El encuentro tuvo lugar en el Sal\u00f3n de C\u00f3mputo de la Facultad de Derecho y Ciencias Sociales de la Universidad Aut\u00f3noma de Tamaulipas (UAT), donde comunicadoras, periodistas y profesionistas compartieron experiencias y adquirieron herramientas para proteger su informaci\u00f3n personal y laboral en el entorno digital.<\/p>\n<p>Durante la inauguraci\u00f3n, Dora de la Cruz Garc\u00eda, coordinadora estatal de la Red de Mujeres Periodistas de Tamaulipas, destac\u00f3 que las agresiones digitales son una forma de violencia estructural que enfrentan las mujeres en el ejercicio de su labor period\u00edstica. \u201cEl conocimiento es una forma de protecci\u00f3n. La sororidad digital es clave para resistir el hostigamiento y el acoso en l\u00ednea\u201d,<span class=\"Apple-converted-space\">\u00a0<\/span><\/p>\n<p>enfatiz\u00f3.<\/p>\n<p>En representaci\u00f3n de la Red de Periodistas con Visi\u00f3n de G\u00e9nero Victoria, la coordinadora municipal Daniela Plata Flores, reconoci\u00f3 la relevancia del taller y el compromiso de las participantes:<\/p>\n<p><span class=\"Apple-converted-space\">\u00a0<\/span>\u201cFortalecer nuestras capacidades digitales no solo nos protege individualmente, sino que nos une como gremio. La violencia en l\u00ednea busca silenciarnos, pero la formaci\u00f3n y la solidaridad nos dan voz y nos mantienen firmes. Desde la Red, seguiremos impulsando espacios donde las mujeres periodistas podamos ejercer nuestro trabajo con libertad y seguridad\u201d, expres\u00f3.<\/p>\n<p>A su vez, la presidenta de la Asociaci\u00f3n de Mujeres Profesionistas de Victoria, Cynthia Eugenia Zamudio G\u00f3mez, subray\u00f3 la relevancia de generar espacios de capacitaci\u00f3n con perspectiva de g\u00e9nero, al se\u00f1alar que \u201cla seguridad digital tambi\u00e9n es un derecho humano, y cuidarnos entre nosotras es parte de la transformaci\u00f3n que queremos ver en la sociedad.\u201d<\/p>\n<p>El taller fue impartido por los especialistas en ciberseguridad y derechos digitales Osiel Salas y Osvaldo Zozaya, quienes abordaron temas como:<\/p>\n<p>-Identificaci\u00f3n de riesgos en redes sociales y dispositivos.<\/p>\n<p>-Uso de contrase\u00f1as seguras y autenticaci\u00f3n de dos pasos.<\/p>\n<p>-Prevenci\u00f3n del robo de identidad y acoso digital.<\/p>\n<p>-Protocolos de autocuidado y denuncia.<\/p>\n<p>Las asistentes realizaron ejercicios pr\u00e1cticos para reforzar la privacidad de sus cuentas, aplicar medidas de seguridad en redes sociales y desarrollar rutinas personales de protecci\u00f3n digital.<\/p>\n<p>El evento forma parte de las actividades que ambas asociaciones impulsan en el marco de los 16 D\u00edas de Activismo contra la Violencia hacia las Mujeres, con el objetivo de promover entornos libres de violencia y fortalecer la autonom\u00eda de las mujeres en todos los \u00e1mbitos.<\/p>\n<p>STAFF<\/p>\n","protected":false},"excerpt":{"rendered":"<p>Ciudad Victoria, Tamaulipas, 8 de noviembre de 2025.\u2013 Con el prop\u00f3sito de fortalecer las capacidades de autoprotecci\u00f3n digital y fomentar el autocuidado en entornos tecnol\u00f3gicos, m\u00e1s de veinte mujeres periodistas y profesionistas participaron este s\u00e1bado en el Taller de Autoprotecci\u00f3n Digital y Seguridad, organizado por la Red de Mujeres Periodistas de Tamaulipas, A.C. y la [&hellip;]<\/p>\n","protected":false},"author":4,"featured_media":20893,"comment_status":"closed","ping_status":"closed","sticky":false,"template":"","format":"standard","meta":{"footnotes":""},"categories":[3],"tags":[],"class_list":["post-20892","post","type-post","status-publish","format-standard","has-post-thumbnail","hentry","category-victoria"],"_links":{"self":[{"href":"https:\/\/conexiontotal.press\/index.php\/wp-json\/wp\/v2\/posts\/20892","targetHints":{"allow":["GET"]}}],"collection":[{"href":"https:\/\/conexiontotal.press\/index.php\/wp-json\/wp\/v2\/posts"}],"about":[{"href":"https:\/\/conexiontotal.press\/index.php\/wp-json\/wp\/v2\/types\/post"}],"author":[{"embeddable":true,"href":"https:\/\/conexiontotal.press\/index.php\/wp-json\/wp\/v2\/users\/4"}],"replies":[{"embeddable":true,"href":"https:\/\/conexiontotal.press\/index.php\/wp-json\/wp\/v2\/comments?post=20892"}],"version-history":[{"count":1,"href":"https:\/\/conexiontotal.press\/index.php\/wp-json\/wp\/v2\/posts\/20892\/revisions"}],"predecessor-version":[{"id":20894,"href":"https:\/\/conexiontotal.press\/index.php\/wp-json\/wp\/v2\/posts\/20892\/revisions\/20894"}],"wp:featuredmedia":[{"embeddable":true,"href":"https:\/\/conexiontotal.press\/index.php\/wp-json\/wp\/v2\/media\/20893"}],"wp:attachment":[{"href":"https:\/\/conexiontotal.press\/index.php\/wp-json\/wp\/v2\/media?parent=20892"}],"wp:term":[{"taxonomy":"category","embeddable":true,"href":"https:\/\/conexiontotal.press\/index.php\/wp-json\/wp\/v2\/categories?post=20892"},{"taxonomy":"post_tag","embeddable":true,"href":"https:\/\/conexiontotal.press\/index.php\/wp-json\/wp\/v2\/tags?post=20892"}],"curies":[{"name":"wp","href":"https:\/\/api.w.org\/{rel}","templated":true}]}}