{"id":20956,"date":"2025-11-13T09:26:20","date_gmt":"2025-11-13T15:26:20","guid":{"rendered":"https:\/\/conexiontotal.press\/?p=20956"},"modified":"2025-11-18T09:26:29","modified_gmt":"2025-11-18T15:26:29","slug":"gobernador-de-tamaulipas-ordena-estudio-tecnico-de-la-cuenca-del-rio-bravo","status":"publish","type":"post","link":"https:\/\/conexiontotal.press\/index.php\/2025\/11\/13\/gobernador-de-tamaulipas-ordena-estudio-tecnico-de-la-cuenca-del-rio-bravo\/","title":{"rendered":"Gobernador de Tamaulipas ordena estudio t\u00e9cnico de la cuenca del r\u00edo Bravo"},"content":{"rendered":"<p>Ciudad de M\u00e9xico.- Luego de reunirse con el director general de la Comisi\u00f3n Nacional del Agua, Efra\u00edn Morales L\u00f3pez, y con el prop\u00f3sito de no poner en riesgo el volumen de agua almacenado en las presas internacionales La Amistad y Falc\u00f3n, el gobernador Am\u00e9rico Villarreal Anaya instruy\u00f3 a la Secretar\u00eda de Recursos Hidr\u00e1ulicos a elaborar un estudio t\u00e9cnico sobre el comportamiento de la cuenca del r\u00edo Bravo, mismo que ser\u00e1 presentado a la CONAGUA.<\/p>\n<p>Como parte de su agenda en la Ciudad de M\u00e9xico, el gobernador de Tamaulipas y el funcionario federal, coincidieron en que la letra del Tratado de 1944 debe respetarse y en que se llevar\u00e1 a cabo un an\u00e1lisis t\u00e9cnico puntual respecto de la situaci\u00f3n mencionada.<\/p>\n<p>Villarreal Anaya manifest\u00f3 su preocupaci\u00f3n porque, en la suma de agua mexicana almacenada en las presas internacionales La Amistad y Falc\u00f3n, solo se cuenta con 219 Mm\u00b3 y se requiere un volumen a nivel de presas de 350 Mm\u00b3.<\/p>\n<p>Asimismo, se pronunci\u00f3 por que no se tomen decisiones que pongan en riesgo el agua para la poblaci\u00f3n y para los productores, sobre todo del Distrito de Riego 025.<\/p>\n<p>El mandatario tamaulipeco estuvo acompa\u00f1ado por Ra\u00fal Quiroga \u00c1lvarez, titular de la Secretar\u00eda de Recursos Hidr\u00e1ulicos, a quien encarg\u00f3 la elaboraci\u00f3n del estudio t\u00e9cnico, con el prop\u00f3sito de presentarlo a las autoridades correspondientes, previo an\u00e1lisis de la CONAGUA.<\/p>\n","protected":false},"excerpt":{"rendered":"<p>Ciudad de M\u00e9xico.- Luego de reunirse con el director general de la Comisi\u00f3n Nacional del Agua, Efra\u00edn Morales L\u00f3pez, y con el prop\u00f3sito de no poner en riesgo el volumen de agua almacenado en las presas internacionales La Amistad y Falc\u00f3n, el gobernador Am\u00e9rico Villarreal Anaya instruy\u00f3 a la Secretar\u00eda de Recursos Hidr\u00e1ulicos a elaborar [&hellip;]<\/p>\n","protected":false},"author":4,"featured_media":20957,"comment_status":"closed","ping_status":"closed","sticky":false,"template":"","format":"standard","meta":{"footnotes":""},"categories":[12],"tags":[],"class_list":["post-20956","post","type-post","status-publish","format-standard","has-post-thumbnail","hentry","category-mexico"],"_links":{"self":[{"href":"https:\/\/conexiontotal.press\/index.php\/wp-json\/wp\/v2\/posts\/20956","targetHints":{"allow":["GET"]}}],"collection":[{"href":"https:\/\/conexiontotal.press\/index.php\/wp-json\/wp\/v2\/posts"}],"about":[{"href":"https:\/\/conexiontotal.press\/index.php\/wp-json\/wp\/v2\/types\/post"}],"author":[{"embeddable":true,"href":"https:\/\/conexiontotal.press\/index.php\/wp-json\/wp\/v2\/users\/4"}],"replies":[{"embeddable":true,"href":"https:\/\/conexiontotal.press\/index.php\/wp-json\/wp\/v2\/comments?post=20956"}],"version-history":[{"count":1,"href":"https:\/\/conexiontotal.press\/index.php\/wp-json\/wp\/v2\/posts\/20956\/revisions"}],"predecessor-version":[{"id":20958,"href":"https:\/\/conexiontotal.press\/index.php\/wp-json\/wp\/v2\/posts\/20956\/revisions\/20958"}],"wp:featuredmedia":[{"embeddable":true,"href":"https:\/\/conexiontotal.press\/index.php\/wp-json\/wp\/v2\/media\/20957"}],"wp:attachment":[{"href":"https:\/\/conexiontotal.press\/index.php\/wp-json\/wp\/v2\/media?parent=20956"}],"wp:term":[{"taxonomy":"category","embeddable":true,"href":"https:\/\/conexiontotal.press\/index.php\/wp-json\/wp\/v2\/categories?post=20956"},{"taxonomy":"post_tag","embeddable":true,"href":"https:\/\/conexiontotal.press\/index.php\/wp-json\/wp\/v2\/tags?post=20956"}],"curies":[{"name":"wp","href":"https:\/\/api.w.org\/{rel}","templated":true}]}}