{"id":21085,"date":"2025-12-11T10:19:21","date_gmt":"2025-12-11T16:19:21","guid":{"rendered":"https:\/\/conexiontotal.press\/?p=21085"},"modified":"2025-12-11T10:25:34","modified_gmt":"2025-12-11T16:25:34","slug":"explota-de-pipa-cargada-con-combustible-en-altamira","status":"publish","type":"post","link":"https:\/\/conexiontotal.press\/index.php\/2025\/12\/11\/explota-de-pipa-cargada-con-combustible-en-altamira\/","title":{"rendered":"Explota de pipa cargada con combustible en Altamira"},"content":{"rendered":"<p data-reader-unique-id=\"1\">Altamira, Tam. Una fuerte explosi\u00f3n e incendio de una pipa, gener\u00f3 una intensa movilizaci\u00f3n de los cuerpos de emergencia la madrugada de este jueves en el Ejido Francisco Medrano de Altamira.<\/p>\n<p data-reader-unique-id=\"2\">El incidente fue reportado a las 00:15 horas en un patio particular, donde el fuego puso en riesgo la seguridad de otras pipas estacionadas en el lugar, no se reportaron personas lesionadas.<\/p>\n<p data-reader-unique-id=\"6\">La emergencia, que dur\u00f3 aproximadamente dos horas, requiri\u00f3 la intervenci\u00f3n de diversas corporaciones, debido a la naturaleza del material combustible que transportaba la unidad.<\/p>\n<p data-reader-unique-id=\"7\">El incidente se registr\u00f3 en la brecha camino antigua Medrano y autoridades informaron que las pipas se encontraban cargadas de combustible, aunque no se especific\u00f3 el tipo de material.<\/p>\n<p data-reader-unique-id=\"11\">El riesgo de que el fuego alcanzara otros veh\u00edculos de carga hizo necesario un despliegue amplio de personal.<br data-reader-unique-id=\"12\" \/>La contingencia fue atendida por Bomberos Altamira, Rescate Voluntarios Altamira, Protecci\u00f3n Civil Regional y Bomberos Voluntarios de Tamaulipas.<br data-reader-unique-id=\"13\" \/>Una vez que se logr\u00f3 controlar la situaci\u00f3n y el fuego se extingui\u00f3, el lugar qued\u00f3 acordonado.<\/p>\n<p data-reader-unique-id=\"14\">Se notific\u00f3 a la Fiscal\u00eda General de Justicia de Tamaulipas para que inicie la investigaci\u00f3n y determine las causas que provocaron la explosi\u00f3n de la pipa.<br data-reader-unique-id=\"15\" \/>En el ejido Francisco Medrano, son frecuentes los incendios de pipas, as\u00ed como explosiones de los ductos de Petr\u00f3leos Mexicanos, principalmente por las malas condiciones en que se encuentran.<\/p>\n<p data-reader-unique-id=\"14\"><img loading=\"lazy\" decoding=\"async\" class=\"alignnone size-medium wp-image-21088\" src=\"https:\/\/conexiontotal.press\/wp-content\/uploads\/2025\/12\/Unknown-1-2-269x300.jpg\" alt=\"\" width=\"269\" height=\"300\" srcset=\"https:\/\/conexiontotal.press\/wp-content\/uploads\/2025\/12\/Unknown-1-2-269x300.jpg 269w, https:\/\/conexiontotal.press\/wp-content\/uploads\/2025\/12\/Unknown-1-2-919x1024.jpg 919w, https:\/\/conexiontotal.press\/wp-content\/uploads\/2025\/12\/Unknown-1-2-768x856.jpg 768w, https:\/\/conexiontotal.press\/wp-content\/uploads\/2025\/12\/Unknown-1-2.jpg 1026w\" sizes=\"auto, (max-width: 269px) 100vw, 269px\" \/><\/p>\n<p data-reader-unique-id=\"16\">Por Oscar Figueroa<\/p>\n","protected":false},"excerpt":{"rendered":"<p>Altamira, Tam. Una fuerte explosi\u00f3n e incendio de una pipa, gener\u00f3 una intensa movilizaci\u00f3n de los cuerpos de emergencia la madrugada de este jueves en el Ejido Francisco Medrano de Altamira. El incidente fue reportado a las 00:15 horas en un patio particular, donde el fuego puso en riesgo la seguridad de otras pipas estacionadas [&hellip;]<\/p>\n","protected":false},"author":4,"featured_media":21086,"comment_status":"closed","ping_status":"closed","sticky":false,"template":"","format":"standard","meta":{"footnotes":""},"categories":[4],"tags":[],"class_list":["post-21085","post","type-post","status-publish","format-standard","has-post-thumbnail","hentry","category-tampico"],"_links":{"self":[{"href":"https:\/\/conexiontotal.press\/index.php\/wp-json\/wp\/v2\/posts\/21085","targetHints":{"allow":["GET"]}}],"collection":[{"href":"https:\/\/conexiontotal.press\/index.php\/wp-json\/wp\/v2\/posts"}],"about":[{"href":"https:\/\/conexiontotal.press\/index.php\/wp-json\/wp\/v2\/types\/post"}],"author":[{"embeddable":true,"href":"https:\/\/conexiontotal.press\/index.php\/wp-json\/wp\/v2\/users\/4"}],"replies":[{"embeddable":true,"href":"https:\/\/conexiontotal.press\/index.php\/wp-json\/wp\/v2\/comments?post=21085"}],"version-history":[{"count":2,"href":"https:\/\/conexiontotal.press\/index.php\/wp-json\/wp\/v2\/posts\/21085\/revisions"}],"predecessor-version":[{"id":21089,"href":"https:\/\/conexiontotal.press\/index.php\/wp-json\/wp\/v2\/posts\/21085\/revisions\/21089"}],"wp:featuredmedia":[{"embeddable":true,"href":"https:\/\/conexiontotal.press\/index.php\/wp-json\/wp\/v2\/media\/21086"}],"wp:attachment":[{"href":"https:\/\/conexiontotal.press\/index.php\/wp-json\/wp\/v2\/media?parent=21085"}],"wp:term":[{"taxonomy":"category","embeddable":true,"href":"https:\/\/conexiontotal.press\/index.php\/wp-json\/wp\/v2\/categories?post=21085"},{"taxonomy":"post_tag","embeddable":true,"href":"https:\/\/conexiontotal.press\/index.php\/wp-json\/wp\/v2\/tags?post=21085"}],"curies":[{"name":"wp","href":"https:\/\/api.w.org\/{rel}","templated":true}]}}