{"id":21115,"date":"2025-12-13T12:27:25","date_gmt":"2025-12-13T18:27:25","guid":{"rendered":"https:\/\/conexiontotal.press\/?p=21115"},"modified":"2026-01-06T12:27:40","modified_gmt":"2026-01-06T18:27:40","slug":"ofrece-la-uat-festejo-navideno-a-sus-maestros-y-trabajadores-sindicalizados","status":"publish","type":"post","link":"https:\/\/conexiontotal.press\/index.php\/2025\/12\/13\/ofrece-la-uat-festejo-navideno-a-sus-maestros-y-trabajadores-sindicalizados\/","title":{"rendered":"Ofrece la UAT festejo navide\u00f1o a sus maestros y trabajadores sindicalizados\u00a0"},"content":{"rendered":"<p>La Universidad Aut\u00f3noma de Tamaulipas (UAT) ofreci\u00f3 el tradicional festejo por la temporada navide\u00f1a a sus docentes y trabajadores administrativos pertenecientes a los sindicatos de esta casa de estudios, con la finalidad de estrechar los lazos de compa\u00f1erismo y seguir fomentando la uni\u00f3n entre la comunidad universitaria.<\/p>\n<p>Con este motivo, el rector D\u00e1maso Anaya Alvarado envi\u00f3 un mensaje de felicitaci\u00f3n al personal del Sindicato \u00danico de Trabajadores Acad\u00e9micos (SUTAUAT) y a integrantes del Sindicato \u00danico de Trabajadores (SUTUAT), con el deseo de que disfruten con paz, salud y armon\u00eda las fiestas decembrinas en compa\u00f1\u00eda de sus familias.<\/p>\n<p>Los festejos por esta temporada se realizaron en las distintas sedes de la UAT en el estado, reforzando los lazos de colaboraci\u00f3n de la Rector\u00eda con su personal directivo, docentes y trabajadores, quienes han sido piezas esenciales para el fortalecimiento y la consolidaci\u00f3n de la Universidad.<\/p>\n<p>Cabe se\u00f1alar que los festejos se realizaron para cada sindicato en los campus de Victoria, Mante, Tampico, Reynosa, Nuevo Laredo, Matamoros y Valle Hermoso, con la tradicional posada, convivio y rifa de obsequios, en los cuales se cont\u00f3 con la presencia, respectivamente, del secretario general del SUTAUAT, Luis Gerardo Galv\u00e1n Velazco, y el secretario general del SUTUAT, Eduardo Serna Trist\u00e1n, as\u00ed como de funcionarios de la Rector\u00eda y directivos de las facultades, unidades acad\u00e9micas y escuelas.<\/p>\n","protected":false},"excerpt":{"rendered":"<p>La Universidad Aut\u00f3noma de Tamaulipas (UAT) ofreci\u00f3 el tradicional festejo por la temporada navide\u00f1a a sus docentes y trabajadores administrativos pertenecientes a los sindicatos de esta casa de estudios, con la finalidad de estrechar los lazos de compa\u00f1erismo y seguir fomentando la uni\u00f3n entre la comunidad universitaria. Con este motivo, el rector D\u00e1maso Anaya Alvarado [&hellip;]<\/p>\n","protected":false},"author":4,"featured_media":21116,"comment_status":"closed","ping_status":"closed","sticky":false,"template":"","format":"standard","meta":{"footnotes":""},"categories":[3],"tags":[],"class_list":["post-21115","post","type-post","status-publish","format-standard","has-post-thumbnail","hentry","category-victoria"],"_links":{"self":[{"href":"https:\/\/conexiontotal.press\/index.php\/wp-json\/wp\/v2\/posts\/21115","targetHints":{"allow":["GET"]}}],"collection":[{"href":"https:\/\/conexiontotal.press\/index.php\/wp-json\/wp\/v2\/posts"}],"about":[{"href":"https:\/\/conexiontotal.press\/index.php\/wp-json\/wp\/v2\/types\/post"}],"author":[{"embeddable":true,"href":"https:\/\/conexiontotal.press\/index.php\/wp-json\/wp\/v2\/users\/4"}],"replies":[{"embeddable":true,"href":"https:\/\/conexiontotal.press\/index.php\/wp-json\/wp\/v2\/comments?post=21115"}],"version-history":[{"count":1,"href":"https:\/\/conexiontotal.press\/index.php\/wp-json\/wp\/v2\/posts\/21115\/revisions"}],"predecessor-version":[{"id":21117,"href":"https:\/\/conexiontotal.press\/index.php\/wp-json\/wp\/v2\/posts\/21115\/revisions\/21117"}],"wp:featuredmedia":[{"embeddable":true,"href":"https:\/\/conexiontotal.press\/index.php\/wp-json\/wp\/v2\/media\/21116"}],"wp:attachment":[{"href":"https:\/\/conexiontotal.press\/index.php\/wp-json\/wp\/v2\/media?parent=21115"}],"wp:term":[{"taxonomy":"category","embeddable":true,"href":"https:\/\/conexiontotal.press\/index.php\/wp-json\/wp\/v2\/categories?post=21115"},{"taxonomy":"post_tag","embeddable":true,"href":"https:\/\/conexiontotal.press\/index.php\/wp-json\/wp\/v2\/tags?post=21115"}],"curies":[{"name":"wp","href":"https:\/\/api.w.org\/{rel}","templated":true}]}}