{"id":21175,"date":"2026-01-04T13:26:53","date_gmt":"2026-01-04T19:26:53","guid":{"rendered":"https:\/\/conexiontotal.press\/?p=21175"},"modified":"2026-01-06T13:27:06","modified_gmt":"2026-01-06T19:27:06","slug":"la-uat-reanuda-labor-administrativa-y-prepara-el-inicio-del-ciclo-escolar","status":"publish","type":"post","link":"https:\/\/conexiontotal.press\/index.php\/2026\/01\/04\/la-uat-reanuda-labor-administrativa-y-prepara-el-inicio-del-ciclo-escolar\/","title":{"rendered":"La UAT reanuda labor administrativa y prepara el inicio del ciclo escolar\u00a0"},"content":{"rendered":"<p>&nbsp;<\/p>\n<p>Luego de su receso vacacional de invierno, la Universidad Aut\u00f3noma de Tamaulipas (UAT) reanuda labores este lunes 5 de enero en todas sus dependencias administrativas y acad\u00e9micas, habilitando este mismo d\u00eda el proceso de inscripciones y reinscripciones para el per\u00edodo escolar universitario 2026-1 (per\u00edodo de Primavera).<\/p>\n<p>Con el arranque del nuevo a\u00f1o, la instituci\u00f3n dar\u00e1 la bienvenida a docentes y personal universitario que retomar\u00e1n sus labores de manera regular despu\u00e9s del receso invernal.<\/p>\n<p>De acuerdo con el calendario de la UAT, el per\u00edodo de inscripciones y reinscripciones permanecer\u00e1 vigente del 5 al 16 de enero de 2026, en tanto que el inicio de clases est\u00e1 programado para el 19 del mismo mes.<\/p>\n<p>En paralelo, durante las primeras semanas del mes, se desarrollar\u00e1n los procesos administrativos correspondientes, como la entrega de actas, los tr\u00e1mites de regularizaci\u00f3n documental y la recepci\u00f3n de solicitudes de becas.<\/p>\n<p>La UAT invita a su comunidad estudiantil a revisar con anticipaci\u00f3n sus horarios, materiales y documentaci\u00f3n requerida, a fin de asegurar un regreso ordenado y puntual.<\/p>\n<p>Asimismo, se recomienda estar atentos a los avisos de cada escuela, facultad o unidad acad\u00e9mica para completar los tr\u00e1mites propios de este inicio de semestre.<\/p>\n<p>Para dudas o informaci\u00f3n adicional sobre procesos escolares, la instituci\u00f3n recuerda que estar\u00e1n disponibles los canales oficiales de atenci\u00f3n de cada plantel universitario, as\u00ed como el portal web y redes sociales oficiales de la UAT, donde se ofrecer\u00e1n actualizaciones y orientaci\u00f3n durante el arranque del per\u00edodo.<\/p>\n<p>&nbsp;<\/p>\n","protected":false},"excerpt":{"rendered":"<p>&nbsp; Luego de su receso vacacional de invierno, la Universidad Aut\u00f3noma de Tamaulipas (UAT) reanuda labores este lunes 5 de enero en todas sus dependencias administrativas y acad\u00e9micas, habilitando este mismo d\u00eda el proceso de inscripciones y reinscripciones para el per\u00edodo escolar universitario 2026-1 (per\u00edodo de Primavera). Con el arranque del nuevo a\u00f1o, la instituci\u00f3n [&hellip;]<\/p>\n","protected":false},"author":4,"featured_media":21176,"comment_status":"closed","ping_status":"closed","sticky":false,"template":"","format":"standard","meta":{"footnotes":""},"categories":[3],"tags":[],"class_list":["post-21175","post","type-post","status-publish","format-standard","has-post-thumbnail","hentry","category-victoria"],"_links":{"self":[{"href":"https:\/\/conexiontotal.press\/index.php\/wp-json\/wp\/v2\/posts\/21175","targetHints":{"allow":["GET"]}}],"collection":[{"href":"https:\/\/conexiontotal.press\/index.php\/wp-json\/wp\/v2\/posts"}],"about":[{"href":"https:\/\/conexiontotal.press\/index.php\/wp-json\/wp\/v2\/types\/post"}],"author":[{"embeddable":true,"href":"https:\/\/conexiontotal.press\/index.php\/wp-json\/wp\/v2\/users\/4"}],"replies":[{"embeddable":true,"href":"https:\/\/conexiontotal.press\/index.php\/wp-json\/wp\/v2\/comments?post=21175"}],"version-history":[{"count":1,"href":"https:\/\/conexiontotal.press\/index.php\/wp-json\/wp\/v2\/posts\/21175\/revisions"}],"predecessor-version":[{"id":21177,"href":"https:\/\/conexiontotal.press\/index.php\/wp-json\/wp\/v2\/posts\/21175\/revisions\/21177"}],"wp:featuredmedia":[{"embeddable":true,"href":"https:\/\/conexiontotal.press\/index.php\/wp-json\/wp\/v2\/media\/21176"}],"wp:attachment":[{"href":"https:\/\/conexiontotal.press\/index.php\/wp-json\/wp\/v2\/media?parent=21175"}],"wp:term":[{"taxonomy":"category","embeddable":true,"href":"https:\/\/conexiontotal.press\/index.php\/wp-json\/wp\/v2\/categories?post=21175"},{"taxonomy":"post_tag","embeddable":true,"href":"https:\/\/conexiontotal.press\/index.php\/wp-json\/wp\/v2\/tags?post=21175"}],"curies":[{"name":"wp","href":"https:\/\/api.w.org\/{rel}","templated":true}]}}