{"id":21178,"date":"2026-01-05T13:28:44","date_gmt":"2026-01-05T19:28:44","guid":{"rendered":"https:\/\/conexiontotal.press\/?p=21178"},"modified":"2026-01-06T13:28:55","modified_gmt":"2026-01-06T19:28:55","slug":"en-2026-la-uat-continuara-con-su-crecimiento-damaso-anaya","status":"publish","type":"post","link":"https:\/\/conexiontotal.press\/index.php\/2026\/01\/05\/en-2026-la-uat-continuara-con-su-crecimiento-damaso-anaya\/","title":{"rendered":"En 2026 la UAT continuar\u00e1 con su crecimiento: D\u00e1maso Anaya\u00a0"},"content":{"rendered":"<p>En el inicio de las actividades administrativas de la Universidad Aut\u00f3noma de Tamaulipas (UAT), el rector D\u00e1maso Anaya Alvarado realiz\u00f3, este lunes 5 de enero, un recorrido por diversas \u00e1reas del Campus Victoria.<\/p>\n<p>El rector D\u00e1maso Anaya visit\u00f3 distintas direcciones, secretar\u00edas y \u00e1reas operativas de la administraci\u00f3n central, donde salud\u00f3 al personal universitario y constat\u00f3 la reanudaci\u00f3n de las funciones y procesos internos previo al arranque del ciclo escolar 2026-I de esta casa de estudios.<\/p>\n<p>A lo largo del recorrido, D\u00e1maso Anaya sostuvo un di\u00e1logo cercano con el personal administrativo, destacando su relevancia en el funcionamiento de la Universidad, y reconoci\u00f3 su compromiso para contribuir al cumplimiento de las metas institucionales.<\/p>\n<p>Destac\u00f3 el prop\u00f3sito de desearles a los universitarios un excelente 2026, subrayando que este inicio de actividades representa una etapa para redoblar esfuerzos, fortalecer el trabajo coordinado entre las distintas \u00e1reas y avanzar en los objetivos planteados para el crecimiento y mejora continua de la instituci\u00f3n.<\/p>\n<p>Record\u00f3 que este d\u00eda tambi\u00e9n es el inicio del periodo de inscripciones en las diferentes escuelas, facultades y unidades acad\u00e9micas, luego de mencionar que el pr\u00f3ximo 19 de enero se pondr\u00e1n en marcha las clases en la UAT.<\/p>\n<p>Puntualiz\u00f3 que este a\u00f1o se seguir\u00e1 trabajando en fortalecer la academia, el posgrado y la investigaci\u00f3n, as\u00ed como sus procesos administrativos, con miras a ofrecer mejores servicios educativos a la comunidad tamaulipeca, y continuar siendo la mejor opci\u00f3n de estudios de nivel superior en la entidad.<\/p>\n","protected":false},"excerpt":{"rendered":"<p>En el inicio de las actividades administrativas de la Universidad Aut\u00f3noma de Tamaulipas (UAT), el rector D\u00e1maso Anaya Alvarado realiz\u00f3, este lunes 5 de enero, un recorrido por diversas \u00e1reas del Campus Victoria. El rector D\u00e1maso Anaya visit\u00f3 distintas direcciones, secretar\u00edas y \u00e1reas operativas de la administraci\u00f3n central, donde salud\u00f3 al personal universitario y constat\u00f3 [&hellip;]<\/p>\n","protected":false},"author":4,"featured_media":21179,"comment_status":"closed","ping_status":"closed","sticky":false,"template":"","format":"standard","meta":{"footnotes":""},"categories":[3],"tags":[],"class_list":["post-21178","post","type-post","status-publish","format-standard","has-post-thumbnail","hentry","category-victoria"],"_links":{"self":[{"href":"https:\/\/conexiontotal.press\/index.php\/wp-json\/wp\/v2\/posts\/21178","targetHints":{"allow":["GET"]}}],"collection":[{"href":"https:\/\/conexiontotal.press\/index.php\/wp-json\/wp\/v2\/posts"}],"about":[{"href":"https:\/\/conexiontotal.press\/index.php\/wp-json\/wp\/v2\/types\/post"}],"author":[{"embeddable":true,"href":"https:\/\/conexiontotal.press\/index.php\/wp-json\/wp\/v2\/users\/4"}],"replies":[{"embeddable":true,"href":"https:\/\/conexiontotal.press\/index.php\/wp-json\/wp\/v2\/comments?post=21178"}],"version-history":[{"count":1,"href":"https:\/\/conexiontotal.press\/index.php\/wp-json\/wp\/v2\/posts\/21178\/revisions"}],"predecessor-version":[{"id":21180,"href":"https:\/\/conexiontotal.press\/index.php\/wp-json\/wp\/v2\/posts\/21178\/revisions\/21180"}],"wp:featuredmedia":[{"embeddable":true,"href":"https:\/\/conexiontotal.press\/index.php\/wp-json\/wp\/v2\/media\/21179"}],"wp:attachment":[{"href":"https:\/\/conexiontotal.press\/index.php\/wp-json\/wp\/v2\/media?parent=21178"}],"wp:term":[{"taxonomy":"category","embeddable":true,"href":"https:\/\/conexiontotal.press\/index.php\/wp-json\/wp\/v2\/categories?post=21178"},{"taxonomy":"post_tag","embeddable":true,"href":"https:\/\/conexiontotal.press\/index.php\/wp-json\/wp\/v2\/tags?post=21178"}],"curies":[{"name":"wp","href":"https:\/\/api.w.org\/{rel}","templated":true}]}}