{"id":21191,"date":"2026-01-14T11:10:40","date_gmt":"2026-01-14T17:10:40","guid":{"rendered":"https:\/\/conexiontotal.press\/?p=21191"},"modified":"2026-01-14T11:10:40","modified_gmt":"2026-01-14T17:10:40","slug":"viene-el-frio-mas-intenso","status":"publish","type":"post","link":"https:\/\/conexiontotal.press\/index.php\/2026\/01\/14\/viene-el-frio-mas-intenso\/","title":{"rendered":"Viene el fr\u00edo m\u00e1s intenso"},"content":{"rendered":"<p data-reader-unique-id=\"6\">TAMAULIPAS, M\u00c9XICO.- Un nuevo episodio invernal se aproxima a Tamaulipas. De acuerdo con Meteorolog\u00eda Tamaulipas, entre mi\u00e9rcoles y jueves un nuevo pulso de aire fr\u00edo ingresar\u00e1 al estado, provocando un descenso marcado de las temperaturas y el regreso de condiciones propias del invierno.<\/p>\n<p data-reader-unique-id=\"7\"><span data-reader-unique-id=\"11\">Eventos en Tamaulipas<\/span><\/p>\n<p data-reader-unique-id=\"12\"><em data-reader-unique-id=\"13\"><strong data-reader-unique-id=\"14\">\u201cEl ambiente ser\u00e1 seco y el evento \u2018Norte\u2019 se reactivar\u00e1\u201d<\/strong><\/em>, advirti\u00f3 el organismo meteorol\u00f3gico, al se\u00f1alar que este sistema reforzar\u00e1 la sensaci\u00f3n t\u00e9rmica, principalmente en las zonas expuestas a rachas de viento.<\/p>\n<p data-reader-unique-id=\"18\">El reporte indica que las temperaturas m\u00ednimas de un solo d\u00edgito predominar\u00e1n, sobre todo durante el amanecer y la noche.<\/p>\n<blockquote data-reader-unique-id=\"19\">\n<p data-reader-unique-id=\"20\"><em data-reader-unique-id=\"21\"><strong data-reader-unique-id=\"22\">\u201cEl fr\u00edo se sentir\u00e1 con mayor intensidad al amanecer y durante la noche\u201d, alert\u00f3 Meteorolog\u00eda Tamaulipas.<\/strong><\/em><\/p>\n<\/blockquote>\n<p data-reader-unique-id=\"23\">Aunque no se prev\u00e9n precipitaciones relevantes, las condiciones de viento y el ingreso de aire fr\u00edo mantendr\u00e1n un ambiente adverso, por lo que se recomienda a la poblaci\u00f3n abrigarse adecuadamente y extremar cuidados con los sectores m\u00e1s vulnerables, como ni\u00f1os y adultos mayores.<\/p>\n<p data-reader-unique-id=\"1\">Por. Antonio H. Mandujano<\/p>\n<p data-reader-unique-id=\"2\">EXPRESO \u2013 LA RAZ\u00d3N<\/p>\n<p data-reader-unique-id=\"6\">\n","protected":false},"excerpt":{"rendered":"<p>TAMAULIPAS, M\u00c9XICO.- Un nuevo episodio invernal se aproxima a Tamaulipas. De acuerdo con Meteorolog\u00eda Tamaulipas, entre mi\u00e9rcoles y jueves un nuevo pulso de aire fr\u00edo ingresar\u00e1 al estado, provocando un descenso marcado de las temperaturas y el regreso de condiciones propias del invierno. Eventos en Tamaulipas \u201cEl ambiente ser\u00e1 seco y el evento \u2018Norte\u2019 se [&hellip;]<\/p>\n","protected":false},"author":4,"featured_media":21192,"comment_status":"closed","ping_status":"closed","sticky":false,"template":"","format":"standard","meta":{"footnotes":""},"categories":[3],"tags":[],"class_list":["post-21191","post","type-post","status-publish","format-standard","has-post-thumbnail","hentry","category-victoria"],"_links":{"self":[{"href":"https:\/\/conexiontotal.press\/index.php\/wp-json\/wp\/v2\/posts\/21191","targetHints":{"allow":["GET"]}}],"collection":[{"href":"https:\/\/conexiontotal.press\/index.php\/wp-json\/wp\/v2\/posts"}],"about":[{"href":"https:\/\/conexiontotal.press\/index.php\/wp-json\/wp\/v2\/types\/post"}],"author":[{"embeddable":true,"href":"https:\/\/conexiontotal.press\/index.php\/wp-json\/wp\/v2\/users\/4"}],"replies":[{"embeddable":true,"href":"https:\/\/conexiontotal.press\/index.php\/wp-json\/wp\/v2\/comments?post=21191"}],"version-history":[{"count":1,"href":"https:\/\/conexiontotal.press\/index.php\/wp-json\/wp\/v2\/posts\/21191\/revisions"}],"predecessor-version":[{"id":21193,"href":"https:\/\/conexiontotal.press\/index.php\/wp-json\/wp\/v2\/posts\/21191\/revisions\/21193"}],"wp:featuredmedia":[{"embeddable":true,"href":"https:\/\/conexiontotal.press\/index.php\/wp-json\/wp\/v2\/media\/21192"}],"wp:attachment":[{"href":"https:\/\/conexiontotal.press\/index.php\/wp-json\/wp\/v2\/media?parent=21191"}],"wp:term":[{"taxonomy":"category","embeddable":true,"href":"https:\/\/conexiontotal.press\/index.php\/wp-json\/wp\/v2\/categories?post=21191"},{"taxonomy":"post_tag","embeddable":true,"href":"https:\/\/conexiontotal.press\/index.php\/wp-json\/wp\/v2\/tags?post=21191"}],"curies":[{"name":"wp","href":"https:\/\/api.w.org\/{rel}","templated":true}]}}