{"id":21197,"date":"2026-01-15T16:16:37","date_gmt":"2026-01-15T22:16:37","guid":{"rendered":"https:\/\/conexiontotal.press\/?p=21197"},"modified":"2026-01-15T16:16:37","modified_gmt":"2026-01-15T22:16:37","slug":"papa-leon-xiv-visitaria-mexico-en-septiembre-de-2026","status":"publish","type":"post","link":"https:\/\/conexiontotal.press\/index.php\/2026\/01\/15\/papa-leon-xiv-visitaria-mexico-en-septiembre-de-2026\/","title":{"rendered":"Papa Le\u00f3n XIV visitar\u00eda M\u00e9xico en septiembre de 2026"},"content":{"rendered":"<p>STAFF<\/p>\n<p>De acuerdo con informaci\u00f3n extraoficial que ha comenzado a circular en c\u00edrculos diplom\u00e1ticos y eclesi\u00e1sticos, el Papa Le\u00f3n XIV estar\u00eda planeando una visita pastoral a M\u00e9xico para septiembre de 2026, lo que marcar\u00eda un nuevo cap\u00edtulo en las relaciones entre el Vaticano y el pa\u00eds.<\/p>\n<p>Seg\u00fan las fuentes consultadas, el itinerario del Sumo Pont\u00edfice contemplar\u00eda como punto central la Ciudad de M\u00e9xico, donde se espera que oficie una ceremonia en la Bas\u00edlica de Nuestra Se\u00f1ora de Guadalupe, uno de los santuarios marianos m\u00e1s visitados del mundo y epicentro de la fe cat\u00f3lica en Am\u00e9rica Latina.<\/p>\n<p>Adem\u00e1s de la capital mexicana, la visita incluir\u00eda otros destinos en distintas entidades del pa\u00eds, aunque hasta el momento no se han confirmado oficialmente las ciudades espec\u00edficas que formar\u00edan parte del recorrido papal.<\/p>\n<p>Sheinbaum confirma las gestiones<\/p>\n<p>En lo que representa la primera confirmaci\u00f3n oficial sobre este tema, la presidenta Claudia Sheinbaum reconoci\u00f3 p\u00fablicamente que su gobierno ha cursado una invitaci\u00f3n formal al Papa Le\u00f3n XIV y que se encuentra en proceso de gesti\u00f3n para concretar la visita.<\/p>\n<p>La visita papal requiere de una compleja coordinaci\u00f3n log\u00edstica y de seguridad entre el gobierno mexicano, la Conferencia del Episcopado Mexicano y el Vaticano, por lo que se espera que en las pr\u00f3ximas semanas puedan darse a conocer m\u00e1s detalles sobre este<span class=\"Apple-converted-space\">\u00a0 <\/span>acontecimiento.<\/p>\n<p>&#8220;Si es una visita importante. El Estado Mexicano es un estado laico, pero eso no quiere decir que no reconozcamos, adem\u00e1s del papa como representante de un Estado, no reconozcamos que la gran mayor\u00eda del pueblo de M\u00e9xico es un pueblo cat\u00f3lico&#8221; expres\u00f3.<\/p>\n<p>De confirmarse, esta ser\u00eda una oportunidad significativa para millones de cat\u00f3licos mexicanos, en un pa\u00eds donde aproximadamente el 78% de la poblaci\u00f3n profesa esta fe, seg\u00fan datos recientes del Instituto Nacional de Estad\u00edstica y Geograf\u00eda (INEGI).<\/p>\n<p>Las autoridades eclesi\u00e1sticas mexicanas no han emitido un comunicado oficial al respecto, aunque se espera que pr\u00f3ximamente se pronuncien sobre el tema una vez que los detalles sean definidos con el Vaticano.<\/p>\n","protected":false},"excerpt":{"rendered":"<p>STAFF De acuerdo con informaci\u00f3n extraoficial que ha comenzado a circular en c\u00edrculos diplom\u00e1ticos y eclesi\u00e1sticos, el Papa Le\u00f3n XIV estar\u00eda planeando una visita pastoral a M\u00e9xico para septiembre de 2026, lo que marcar\u00eda un nuevo cap\u00edtulo en las relaciones entre el Vaticano y el pa\u00eds. Seg\u00fan las fuentes consultadas, el itinerario del Sumo Pont\u00edfice [&hellip;]<\/p>\n","protected":false},"author":4,"featured_media":21198,"comment_status":"closed","ping_status":"closed","sticky":false,"template":"","format":"standard","meta":{"footnotes":""},"categories":[12],"tags":[],"class_list":["post-21197","post","type-post","status-publish","format-standard","has-post-thumbnail","hentry","category-mexico"],"_links":{"self":[{"href":"https:\/\/conexiontotal.press\/index.php\/wp-json\/wp\/v2\/posts\/21197","targetHints":{"allow":["GET"]}}],"collection":[{"href":"https:\/\/conexiontotal.press\/index.php\/wp-json\/wp\/v2\/posts"}],"about":[{"href":"https:\/\/conexiontotal.press\/index.php\/wp-json\/wp\/v2\/types\/post"}],"author":[{"embeddable":true,"href":"https:\/\/conexiontotal.press\/index.php\/wp-json\/wp\/v2\/users\/4"}],"replies":[{"embeddable":true,"href":"https:\/\/conexiontotal.press\/index.php\/wp-json\/wp\/v2\/comments?post=21197"}],"version-history":[{"count":1,"href":"https:\/\/conexiontotal.press\/index.php\/wp-json\/wp\/v2\/posts\/21197\/revisions"}],"predecessor-version":[{"id":21199,"href":"https:\/\/conexiontotal.press\/index.php\/wp-json\/wp\/v2\/posts\/21197\/revisions\/21199"}],"wp:featuredmedia":[{"embeddable":true,"href":"https:\/\/conexiontotal.press\/index.php\/wp-json\/wp\/v2\/media\/21198"}],"wp:attachment":[{"href":"https:\/\/conexiontotal.press\/index.php\/wp-json\/wp\/v2\/media?parent=21197"}],"wp:term":[{"taxonomy":"category","embeddable":true,"href":"https:\/\/conexiontotal.press\/index.php\/wp-json\/wp\/v2\/categories?post=21197"},{"taxonomy":"post_tag","embeddable":true,"href":"https:\/\/conexiontotal.press\/index.php\/wp-json\/wp\/v2\/tags?post=21197"}],"curies":[{"name":"wp","href":"https:\/\/api.w.org\/{rel}","templated":true}]}}