{"id":21203,"date":"2026-01-15T22:32:00","date_gmt":"2026-01-16T04:32:00","guid":{"rendered":"https:\/\/conexiontotal.press\/?p=21203"},"modified":"2026-01-15T22:32:00","modified_gmt":"2026-01-16T04:32:00","slug":"liberan-a-carlos-la-rana-jueza-dicta-no-vinculacion-a-proceso","status":"publish","type":"post","link":"https:\/\/conexiontotal.press\/index.php\/2026\/01\/15\/liberan-a-carlos-la-rana-jueza-dicta-no-vinculacion-a-proceso\/","title":{"rendered":"Liberan a Carlos, \u2018La Rana\u2019; jueza  dicta no vinculaci\u00f3n a proceso"},"content":{"rendered":"<p>Perla Res\u00e9ndez<span class=\"Apple-converted-space\">\u00a0<\/span><\/p>\n<p>Expreso-La Raz\u00f3n<\/p>\n<p>La Jueza Lissete L\u00f3pez Mayet, dict\u00f3 la no vinculaci\u00f3n a proceso para Carlos \u201cG\u201d, \u201cLa Rana\u201d, quien hab\u00eda sido acusado por el delito de violaci\u00f3n, por lo que fue puesto en libertad de manera inmediata.<\/p>\n<p>En la continuaci\u00f3n de la audiencia inicial a puerta cerrada celebrada en la sala G del Centro Integral de Justicia (CIJ) de Victoria, el Ministerio P\u00fablico present\u00f3 las pruebas para acusar al joven boxeador de ser el presunto responsable del citado delito cometido en contra de dos doctoras residentes del Hospital Infantil de Victoria.<\/p>\n<p>De acuerdo con la denuncia interpuesta ante la Fiscal\u00eda Especializada en la Investigaci\u00f3n de Delitos contra Ni\u00f1as, Ni\u00f1os y Adolescentes y Delitos contra las Mujeres por Razones de G\u00e9nero (FENNAM), los hechos se registraron el pasado 30 de diciembre en las instalaciones del nosocomio, hechos por los que fue detenido Carlos \u201cG\u201d el 9 de enero en su domicilio.<\/p>\n<p>En una primera audiencia, la Jueza de Control determin\u00f3 como medida cautelar la prisi\u00f3n preventiva justificada en el Centro de Ejecuci\u00f3n de Sanciones (Cedes) de Altamira, mientras la defensa se acogi\u00f3 al t\u00e9rmino constitucional para celebrar la continuaci\u00f3n de la audiencia este jueves 15 de enero.<\/p>\n<p>Durante la audiencia de este d\u00eda que inici\u00f3 a las 15:30 horas, H\u00e9ctor Hern\u00e1ndez Hern\u00e1ndez, abogado de Carlos \u201cG\u201d, quien trabaja como camillero en el Hospital Infantil, tambi\u00e9n present\u00f3 las pruebas de descargo que fueron consideradas por la juzgadora, quien determin\u00f3 que la Fiscal\u00eda no logr\u00f3 acreditar los elementos constitutivos del delito.<\/p>\n<p>Por la tarde antes de iniciar la audiencia, familiares, amigos y compa\u00f1eros de trabajo de Carlos, llevaron a cabo una caravana desde el Hospital Infantil hasta las instalaciones del Centro Integral de Justicia para mostrar su apoyo al joven.<\/p>\n","protected":false},"excerpt":{"rendered":"<p>Perla Res\u00e9ndez\u00a0 Expreso-La Raz\u00f3n La Jueza Lissete L\u00f3pez Mayet, dict\u00f3 la no vinculaci\u00f3n a proceso para Carlos \u201cG\u201d, \u201cLa Rana\u201d, quien hab\u00eda sido acusado por el delito de violaci\u00f3n, por lo que fue puesto en libertad de manera inmediata. En la continuaci\u00f3n de la audiencia inicial a puerta cerrada celebrada en la sala G del [&hellip;]<\/p>\n","protected":false},"author":4,"featured_media":21204,"comment_status":"closed","ping_status":"closed","sticky":false,"template":"","format":"standard","meta":{"footnotes":""},"categories":[3],"tags":[],"class_list":["post-21203","post","type-post","status-publish","format-standard","has-post-thumbnail","hentry","category-victoria"],"_links":{"self":[{"href":"https:\/\/conexiontotal.press\/index.php\/wp-json\/wp\/v2\/posts\/21203","targetHints":{"allow":["GET"]}}],"collection":[{"href":"https:\/\/conexiontotal.press\/index.php\/wp-json\/wp\/v2\/posts"}],"about":[{"href":"https:\/\/conexiontotal.press\/index.php\/wp-json\/wp\/v2\/types\/post"}],"author":[{"embeddable":true,"href":"https:\/\/conexiontotal.press\/index.php\/wp-json\/wp\/v2\/users\/4"}],"replies":[{"embeddable":true,"href":"https:\/\/conexiontotal.press\/index.php\/wp-json\/wp\/v2\/comments?post=21203"}],"version-history":[{"count":1,"href":"https:\/\/conexiontotal.press\/index.php\/wp-json\/wp\/v2\/posts\/21203\/revisions"}],"predecessor-version":[{"id":21205,"href":"https:\/\/conexiontotal.press\/index.php\/wp-json\/wp\/v2\/posts\/21203\/revisions\/21205"}],"wp:featuredmedia":[{"embeddable":true,"href":"https:\/\/conexiontotal.press\/index.php\/wp-json\/wp\/v2\/media\/21204"}],"wp:attachment":[{"href":"https:\/\/conexiontotal.press\/index.php\/wp-json\/wp\/v2\/media?parent=21203"}],"wp:term":[{"taxonomy":"category","embeddable":true,"href":"https:\/\/conexiontotal.press\/index.php\/wp-json\/wp\/v2\/categories?post=21203"},{"taxonomy":"post_tag","embeddable":true,"href":"https:\/\/conexiontotal.press\/index.php\/wp-json\/wp\/v2\/tags?post=21203"}],"curies":[{"name":"wp","href":"https:\/\/api.w.org\/{rel}","templated":true}]}}