{"id":21224,"date":"2026-02-01T12:48:49","date_gmt":"2026-02-01T18:48:49","guid":{"rendered":"https:\/\/conexiontotal.press\/?p=21224"},"modified":"2026-02-04T12:51:04","modified_gmt":"2026-02-04T18:51:04","slug":"la-uat-fortalece-la-investigacion-en-geomatica-y-gestion-territorial","status":"publish","type":"post","link":"https:\/\/conexiontotal.press\/index.php\/2026\/02\/01\/la-uat-fortalece-la-investigacion-en-geomatica-y-gestion-territorial\/","title":{"rendered":"La UAT fortalece la investigaci\u00f3n en geom\u00e1tica y gesti\u00f3n territorial\u00a0"},"content":{"rendered":"<p>&nbsp;<\/p>\n<p>Con el objetivo de fortalecer sus \u00e1reas de investigaci\u00f3n y servicios especializados, la Universidad Aut\u00f3noma de Tamaulipas (UAT) transform\u00f3 el Instituto de Ingenier\u00eda y Ciencias en el nuevo Instituto de Geom\u00e1tica y Gesti\u00f3n Territorial, consolidando su liderazgo en investigaci\u00f3n, an\u00e1lisis y planeaci\u00f3n con impacto social y cient\u00edfico.<\/p>\n<p>El rector de la UAT, D\u00e1maso Anaya Alvarado, dio a conocer la nueva configuraci\u00f3n de este centro de investigaci\u00f3n, cuyo cambio fue autorizado por la Asamblea Universitaria, destacando la evoluci\u00f3n de su quehacer acad\u00e9mico, su especializaci\u00f3n disciplinaria y su proyecci\u00f3n institucional.<\/p>\n<p>En su mensaje, el rector explic\u00f3 que este tipo de decisiones forman parte de una visi\u00f3n de desarrollo universitario que avanza de manera ordenada y estrat\u00e9gica, fortaleciendo aquellas \u00e1reas del conocimiento que responden a los retos actuales del entorno social, econ\u00f3mico y ambiental.<\/p>\n<p>Subray\u00f3 que la geom\u00e1tica y la gesti\u00f3n territorial representan campos clave para el desarrollo del estado y del pa\u00eds, por lo que su impulso, desde la Universidad, permite consolidar el posgrado, fortalecer la investigaci\u00f3n cient\u00edfica, promover la generaci\u00f3n de conocimiento aplicado y ampliar la participaci\u00f3n de estudiantes y docentes en proyectos con impacto social.<\/p>\n<p>El enfoque del ahora denominado Instituto de Geom\u00e1tica y Gesti\u00f3n Territorial responde a la trayectoria acad\u00e9mica y operativa de esta dependencia, cuya actividad sustantiva se ha orientado en campos especializados como los sensores remotos, los sistemas de informaci\u00f3n geogr\u00e1fica y el an\u00e1lisis territorial, \u00e1reas que han adquirido creciente relevancia en la toma de decisiones y la planeaci\u00f3n del desarrollo.<\/p>\n","protected":false},"excerpt":{"rendered":"<p>&nbsp; Con el objetivo de fortalecer sus \u00e1reas de investigaci\u00f3n y servicios especializados, la Universidad Aut\u00f3noma de Tamaulipas (UAT) transform\u00f3 el Instituto de Ingenier\u00eda y Ciencias en el nuevo Instituto de Geom\u00e1tica y Gesti\u00f3n Territorial, consolidando su liderazgo en investigaci\u00f3n, an\u00e1lisis y planeaci\u00f3n con impacto social y cient\u00edfico. El rector de la UAT, D\u00e1maso Anaya [&hellip;]<\/p>\n","protected":false},"author":4,"featured_media":21225,"comment_status":"closed","ping_status":"closed","sticky":false,"template":"","format":"standard","meta":{"footnotes":""},"categories":[3],"tags":[],"class_list":["post-21224","post","type-post","status-publish","format-standard","has-post-thumbnail","hentry","category-victoria"],"_links":{"self":[{"href":"https:\/\/conexiontotal.press\/index.php\/wp-json\/wp\/v2\/posts\/21224","targetHints":{"allow":["GET"]}}],"collection":[{"href":"https:\/\/conexiontotal.press\/index.php\/wp-json\/wp\/v2\/posts"}],"about":[{"href":"https:\/\/conexiontotal.press\/index.php\/wp-json\/wp\/v2\/types\/post"}],"author":[{"embeddable":true,"href":"https:\/\/conexiontotal.press\/index.php\/wp-json\/wp\/v2\/users\/4"}],"replies":[{"embeddable":true,"href":"https:\/\/conexiontotal.press\/index.php\/wp-json\/wp\/v2\/comments?post=21224"}],"version-history":[{"count":1,"href":"https:\/\/conexiontotal.press\/index.php\/wp-json\/wp\/v2\/posts\/21224\/revisions"}],"predecessor-version":[{"id":21226,"href":"https:\/\/conexiontotal.press\/index.php\/wp-json\/wp\/v2\/posts\/21224\/revisions\/21226"}],"wp:featuredmedia":[{"embeddable":true,"href":"https:\/\/conexiontotal.press\/index.php\/wp-json\/wp\/v2\/media\/21225"}],"wp:attachment":[{"href":"https:\/\/conexiontotal.press\/index.php\/wp-json\/wp\/v2\/media?parent=21224"}],"wp:term":[{"taxonomy":"category","embeddable":true,"href":"https:\/\/conexiontotal.press\/index.php\/wp-json\/wp\/v2\/categories?post=21224"},{"taxonomy":"post_tag","embeddable":true,"href":"https:\/\/conexiontotal.press\/index.php\/wp-json\/wp\/v2\/tags?post=21224"}],"curies":[{"name":"wp","href":"https:\/\/api.w.org\/{rel}","templated":true}]}}