{"id":21303,"date":"2026-02-04T15:17:59","date_gmt":"2026-02-04T21:17:59","guid":{"rendered":"https:\/\/conexiontotal.press\/?p=21303"},"modified":"2026-02-04T15:17:59","modified_gmt":"2026-02-04T21:17:59","slug":"cetis-78-avanza-hacia-un-entorno-escolar-mas-seguro","status":"publish","type":"post","link":"https:\/\/conexiontotal.press\/index.php\/2026\/02\/04\/cetis-78-avanza-hacia-un-entorno-escolar-mas-seguro\/","title":{"rendered":"CETis 78: avanza hacia un entorno escolar m\u00e1s seguro"},"content":{"rendered":"<p data-reader-unique-id=\"1\">Por Mario Prieto.<\/p>\n<p data-reader-unique-id=\"2\">De ser uno de los Cetis m\u00e1s violentos del pa\u00eds, ahora el Nunero 78 pas\u00f3 a ser uno de los m\u00e1s seguros y se encuentra en el municipio de Altamira.<\/p>\n<p data-reader-unique-id=\"5\">El pasado 17 de septiembre del a\u00f1o 2025, se viraliz\u00f3 una ri\u00f1a Campal, donde estudiantes casi<span data-reader-unique-id=\"6\">\u00a0 <\/span>linchan a su director, pero ahora todo cambio en esta escuela del nivel preparatoria pues cuentan con un sistema digital de ingreso y asistencia a la instituci\u00f3n de nombre<span data-reader-unique-id=\"7\">\u00a0 <\/span>Nexo escolar, por medio de su rostro.<span data-reader-unique-id=\"8\">\u00a0<\/span><\/p>\n<p data-reader-unique-id=\"9\">\u201cLo que sucedi\u00f3 es algo realmente que se sali\u00f3 fuera de control, pero que no representa la grandeza del Cetis 78, Hemos hecho algunos cambios y mejora\u201d expres\u00f3 el director ee esta escuela, Humberto Mel\u00e9ndez<span data-reader-unique-id=\"10\">\u00a0<\/span><\/p>\n<p data-reader-unique-id=\"13\">Torres.<\/p>\n<p data-reader-unique-id=\"14\">La trifulca donde estudiantes dieron una golpiza al entonces director, Julio Barr\u00f3n, que la replicaron medios de comunicaci\u00f3n de todo el pais, y que un mes despues de los hechos dejo como saldo 19 alumnos suspendidos, Pr\u00e1cticamente ha quedado en el pasado.<\/p>\n<p data-reader-unique-id=\"15\">Aunque apenas han pasado 4 meses, el nuevo director, junto a maestros y padres de familia est\u00e1n trabajando para que las cosas mejoren de raiz, por eso decidieron invertir, con recurso proveniente de los padres de familia, en este moderno sistema que ayudar\u00e1 a muchas cosas, de entrada a evitar que estudiantes se hagan la pinta a la escuela.<span data-reader-unique-id=\"16\">\u00a0<\/span><\/p>\n<p data-reader-unique-id=\"17\">\u201cDetecta el sistema, la alumno se pone en verde Para que t\u00fa puedas pasar, te da un acceso y se registra en una plataforma que ya est\u00e1 en funcionamiento. Se llama nexo escolar\u201d explic\u00f3 el director.<\/p>\n<p data-reader-unique-id=\"18\">Los padres de familia, desde su celular, tendr\u00e1n acceso a esta informaci\u00f3n , de manera oportuna y a la mano, tanto de las asistencias del alumno, como de las calificaciones que lleva en cada una de sus materias, para que ellos est\u00e9n enterados del nivel acad\u00e9mico de sus hijos y no se vean sorprendidos, al final del semestre, con materias reprobadas.<\/p>\n<p data-reader-unique-id=\"19\">Tambi\u00e9n servir\u00e1 para tener un canal de comunicaci\u00f3n directo para cualquier notificaci\u00f3n sobre la conducta o alguna reuni\u00f3n de padres de familia.<\/p>\n<p data-reader-unique-id=\"20\">\u201cYa est\u00e1 listo desde la semana pasada ahora lo que voy a hacer es una reuni\u00f3n padres de familia. Ya est\u00e1 por ah\u00ed un tutorial en la p\u00e1gina de la escuela para ver los pasos que se necesitan para bajar esa plataforma\u201d se\u00f1al\u00f3.<span data-reader-unique-id=\"21\">\u00a0<\/span><\/p>\n<p data-reader-unique-id=\"22\">Es uno de los Cetis m\u00e1s poblados de la zona sur de Tamaulipas, pues cuentan con un promedio de 1,500 alumnos y tienen una poblaci\u00f3n cercana a los mil padres de<span data-reader-unique-id=\"23\">\u00a0<\/span>familia.<\/p>\n<p data-reader-unique-id=\"24\">Hoy el Cetis 78, nos presume un clima de tranquilidad y seguridad para sus maestros y sus estudiantes . Su director amaga con ,pronto viralizar nuevamente el Cetis, pero ahora con la historia de estudiantes<span data-reader-unique-id=\"25\">\u00a0 <\/span>de excelencia, y no con notas amarillistas.<\/p>\n","protected":false},"excerpt":{"rendered":"<p>Por Mario Prieto. De ser uno de los Cetis m\u00e1s violentos del pa\u00eds, ahora el Nunero 78 pas\u00f3 a ser uno de los m\u00e1s seguros y se encuentra en el municipio de Altamira. El pasado 17 de septiembre del a\u00f1o 2025, se viraliz\u00f3 una ri\u00f1a Campal, donde estudiantes casi\u00a0 linchan a su director, pero ahora [&hellip;]<\/p>\n","protected":false},"author":4,"featured_media":21304,"comment_status":"closed","ping_status":"closed","sticky":false,"template":"","format":"standard","meta":{"footnotes":""},"categories":[4],"tags":[],"class_list":["post-21303","post","type-post","status-publish","format-standard","has-post-thumbnail","hentry","category-tampico"],"_links":{"self":[{"href":"https:\/\/conexiontotal.press\/index.php\/wp-json\/wp\/v2\/posts\/21303","targetHints":{"allow":["GET"]}}],"collection":[{"href":"https:\/\/conexiontotal.press\/index.php\/wp-json\/wp\/v2\/posts"}],"about":[{"href":"https:\/\/conexiontotal.press\/index.php\/wp-json\/wp\/v2\/types\/post"}],"author":[{"embeddable":true,"href":"https:\/\/conexiontotal.press\/index.php\/wp-json\/wp\/v2\/users\/4"}],"replies":[{"embeddable":true,"href":"https:\/\/conexiontotal.press\/index.php\/wp-json\/wp\/v2\/comments?post=21303"}],"version-history":[{"count":1,"href":"https:\/\/conexiontotal.press\/index.php\/wp-json\/wp\/v2\/posts\/21303\/revisions"}],"predecessor-version":[{"id":21305,"href":"https:\/\/conexiontotal.press\/index.php\/wp-json\/wp\/v2\/posts\/21303\/revisions\/21305"}],"wp:featuredmedia":[{"embeddable":true,"href":"https:\/\/conexiontotal.press\/index.php\/wp-json\/wp\/v2\/media\/21304"}],"wp:attachment":[{"href":"https:\/\/conexiontotal.press\/index.php\/wp-json\/wp\/v2\/media?parent=21303"}],"wp:term":[{"taxonomy":"category","embeddable":true,"href":"https:\/\/conexiontotal.press\/index.php\/wp-json\/wp\/v2\/categories?post=21303"},{"taxonomy":"post_tag","embeddable":true,"href":"https:\/\/conexiontotal.press\/index.php\/wp-json\/wp\/v2\/tags?post=21303"}],"curies":[{"name":"wp","href":"https:\/\/api.w.org\/{rel}","templated":true}]}}