{"id":21339,"date":"2026-01-08T13:53:10","date_gmt":"2026-01-08T19:53:10","guid":{"rendered":"https:\/\/conexiontotal.press\/?p=21339"},"modified":"2026-02-15T13:53:17","modified_gmt":"2026-02-15T19:53:17","slug":"iniciara-gobernador-programa-semanal-dialogos-con-americo","status":"publish","type":"post","link":"https:\/\/conexiontotal.press\/index.php\/2026\/01\/08\/iniciara-gobernador-programa-semanal-dialogos-con-americo\/","title":{"rendered":"Iniciar\u00e1 gobernador programa semanal &#8220;Di\u00e1logos con Am\u00e9rico&#8221;"},"content":{"rendered":"<p>Ciudad Victoria, Tamaulipas.- A partir de este domingo 11 de enero, a trav\u00e9s del Sistema Estatal de Radio y Televisi\u00f3n Tamaulipas, se presentar\u00e1 el nuevo programa &#8220;Di\u00e1logos con Am\u00e9rico, donde las decisiones se entienden&#8221;, un espacio en el cual el gobernador del estado Am\u00e9rico Villarreal Anaya, conversar\u00e1 de frente con las y los tamaulipecos y compartir\u00e1 el porqu\u00e9 de cada decisi\u00f3n.<\/p>\n<p>La primera emisi\u00f3n de este programa se presentar\u00e1 a partir de las 18 horas del domingo 11, permitiendo a las y los tamaulipecos, sumarse a la conversaci\u00f3n con su gobernador y conocer la visi\u00f3n humanista que gu\u00eda el rumbo de Tamaulipas.<\/p>\n<p>&#8220;Di\u00e1logos con Am\u00e9rico&#8221;, coloca al gobernador en un rol cercano, transparente y did\u00e1ctico, permiti\u00e9ndole explicar las decisiones de su gobierno con claridad, ya que el formato del programa refuerza la confianza, ordena la conversaci\u00f3n p\u00fablica y muestra un liderazgo que transforma, comunicando con sentido.<\/p>\n<p>Con este programa, el gobernador Villarreal Anaya inaugura la nueva modalidad de Radio Tamaulipas Multicast, a trav\u00e9s del cual se generar\u00e1n contenidos que podr\u00e1n ser vistos en diversas plataformas y redes sociales.<\/p>\n","protected":false},"excerpt":{"rendered":"<p>Ciudad Victoria, Tamaulipas.- A partir de este domingo 11 de enero, a trav\u00e9s del Sistema Estatal de Radio y Televisi\u00f3n Tamaulipas, se presentar\u00e1 el nuevo programa &#8220;Di\u00e1logos con Am\u00e9rico, donde las decisiones se entienden&#8221;, un espacio en el cual el gobernador del estado Am\u00e9rico Villarreal Anaya, conversar\u00e1 de frente con las y los tamaulipecos y [&hellip;]<\/p>\n","protected":false},"author":4,"featured_media":21340,"comment_status":"closed","ping_status":"closed","sticky":false,"template":"","format":"standard","meta":{"footnotes":""},"categories":[1],"tags":[],"class_list":["post-21339","post","type-post","status-publish","format-standard","has-post-thumbnail","hentry","category-uncategorized"],"_links":{"self":[{"href":"https:\/\/conexiontotal.press\/index.php\/wp-json\/wp\/v2\/posts\/21339","targetHints":{"allow":["GET"]}}],"collection":[{"href":"https:\/\/conexiontotal.press\/index.php\/wp-json\/wp\/v2\/posts"}],"about":[{"href":"https:\/\/conexiontotal.press\/index.php\/wp-json\/wp\/v2\/types\/post"}],"author":[{"embeddable":true,"href":"https:\/\/conexiontotal.press\/index.php\/wp-json\/wp\/v2\/users\/4"}],"replies":[{"embeddable":true,"href":"https:\/\/conexiontotal.press\/index.php\/wp-json\/wp\/v2\/comments?post=21339"}],"version-history":[{"count":1,"href":"https:\/\/conexiontotal.press\/index.php\/wp-json\/wp\/v2\/posts\/21339\/revisions"}],"predecessor-version":[{"id":21341,"href":"https:\/\/conexiontotal.press\/index.php\/wp-json\/wp\/v2\/posts\/21339\/revisions\/21341"}],"wp:featuredmedia":[{"embeddable":true,"href":"https:\/\/conexiontotal.press\/index.php\/wp-json\/wp\/v2\/media\/21340"}],"wp:attachment":[{"href":"https:\/\/conexiontotal.press\/index.php\/wp-json\/wp\/v2\/media?parent=21339"}],"wp:term":[{"taxonomy":"category","embeddable":true,"href":"https:\/\/conexiontotal.press\/index.php\/wp-json\/wp\/v2\/categories?post=21339"},{"taxonomy":"post_tag","embeddable":true,"href":"https:\/\/conexiontotal.press\/index.php\/wp-json\/wp\/v2\/tags?post=21339"}],"curies":[{"name":"wp","href":"https:\/\/api.w.org\/{rel}","templated":true}]}}