{"id":21360,"date":"2026-01-12T15:16:32","date_gmt":"2026-01-12T21:16:32","guid":{"rendered":"https:\/\/conexiontotal.press\/?p=21360"},"modified":"2026-02-15T15:16:42","modified_gmt":"2026-02-15T21:16:42","slug":"obras-con-sentido-humanista-impulsan-el-progreso-de-tamaulipas","status":"publish","type":"post","link":"https:\/\/conexiontotal.press\/index.php\/2026\/01\/12\/obras-con-sentido-humanista-impulsan-el-progreso-de-tamaulipas\/","title":{"rendered":"Obras con sentido humanista, impulsan el progreso de Tamaulipas"},"content":{"rendered":"<p>Ciudad Victoria, Tamaulipas.- El Gobierno de Tamaulipas, encabezado por Am\u00e9rico Villarreal Anaya, impulsa una agenda de infraestructura con sentido humanista, orientada al bienestar social y a la atenci\u00f3n de necesidades hist\u00f3ricas de las y los tamaulipecos, mediante obras estrat\u00e9gicas que fortalecen el desarrollo regional.<\/p>\n<p>En este marco, y como lo ha se\u00f1alado el mandatario estatal en el programa \u201cDi\u00e1logos con Am\u00e9rico\u201d, la comunicaci\u00f3n y la escucha ciudadana son herramientas fundamentales de gobierno, principios que tambi\u00e9n orientan la planeaci\u00f3n y ejecuci\u00f3n de la obra p\u00fablica en la entidad.<\/p>\n<p>Al respecto, el secretario de Obras P\u00fablicas, Pedro Cepeda Anaya, afirm\u00f3 que \u201cla infraestructura que se desarrolla en Tamaulipas responde a una visi\u00f3n humanista, donde cada proyecto tiene como objetivo mejorar de manera directa la calidad de vida de las familias, atendiendo demandas reales y con un enfoque de largo plazo\u201d.<\/p>\n<p>En ese sentido, destac\u00f3 como proyectos prioritarios de esta administraci\u00f3n, la ampliaci\u00f3n del Puente Internacional Nuevo Laredo III, la construcci\u00f3n de la Segunda L\u00ednea del Acueducto en Ciudad Victoria y la carretera Mante\u2013Tula, obras que contribuyen al desarrollo econ\u00f3mico, social y regional del estado.<\/p>\n<p>Finalmente, el titular de la SOP, subray\u00f3 que todas las obras que se ejecutan en la entidad se planean con criterios de responsabilidad social, transparencia y sentido humano, en congruencia con el compromiso del Gobierno del Estado de transformar a Tamaulipas con bienestar, justicia social y desarrollo sostenible.<\/p>\n","protected":false},"excerpt":{"rendered":"<p>Ciudad Victoria, Tamaulipas.- El Gobierno de Tamaulipas, encabezado por Am\u00e9rico Villarreal Anaya, impulsa una agenda de infraestructura con sentido humanista, orientada al bienestar social y a la atenci\u00f3n de necesidades hist\u00f3ricas de las y los tamaulipecos, mediante obras estrat\u00e9gicas que fortalecen el desarrollo regional. En este marco, y como lo ha se\u00f1alado el mandatario estatal [&hellip;]<\/p>\n","protected":false},"author":4,"featured_media":21361,"comment_status":"closed","ping_status":"closed","sticky":false,"template":"","format":"standard","meta":{"footnotes":""},"categories":[3],"tags":[],"class_list":["post-21360","post","type-post","status-publish","format-standard","has-post-thumbnail","hentry","category-victoria"],"_links":{"self":[{"href":"https:\/\/conexiontotal.press\/index.php\/wp-json\/wp\/v2\/posts\/21360","targetHints":{"allow":["GET"]}}],"collection":[{"href":"https:\/\/conexiontotal.press\/index.php\/wp-json\/wp\/v2\/posts"}],"about":[{"href":"https:\/\/conexiontotal.press\/index.php\/wp-json\/wp\/v2\/types\/post"}],"author":[{"embeddable":true,"href":"https:\/\/conexiontotal.press\/index.php\/wp-json\/wp\/v2\/users\/4"}],"replies":[{"embeddable":true,"href":"https:\/\/conexiontotal.press\/index.php\/wp-json\/wp\/v2\/comments?post=21360"}],"version-history":[{"count":1,"href":"https:\/\/conexiontotal.press\/index.php\/wp-json\/wp\/v2\/posts\/21360\/revisions"}],"predecessor-version":[{"id":21362,"href":"https:\/\/conexiontotal.press\/index.php\/wp-json\/wp\/v2\/posts\/21360\/revisions\/21362"}],"wp:featuredmedia":[{"embeddable":true,"href":"https:\/\/conexiontotal.press\/index.php\/wp-json\/wp\/v2\/media\/21361"}],"wp:attachment":[{"href":"https:\/\/conexiontotal.press\/index.php\/wp-json\/wp\/v2\/media?parent=21360"}],"wp:term":[{"taxonomy":"category","embeddable":true,"href":"https:\/\/conexiontotal.press\/index.php\/wp-json\/wp\/v2\/categories?post=21360"},{"taxonomy":"post_tag","embeddable":true,"href":"https:\/\/conexiontotal.press\/index.php\/wp-json\/wp\/v2\/tags?post=21360"}],"curies":[{"name":"wp","href":"https:\/\/api.w.org\/{rel}","templated":true}]}}