{"id":21445,"date":"2026-02-25T14:22:37","date_gmt":"2026-02-25T20:22:37","guid":{"rendered":"https:\/\/conexiontotal.press\/?p=21445"},"modified":"2026-02-25T14:22:37","modified_gmt":"2026-02-25T20:22:37","slug":"adelita-vuelve-a-casa-recapturan-y-liberan-jaguar-en-llera","status":"publish","type":"post","link":"https:\/\/conexiontotal.press\/index.php\/2026\/02\/25\/adelita-vuelve-a-casa-recapturan-y-liberan-jaguar-en-llera\/","title":{"rendered":"\u201cAdelita\u201d vuelve a casa: recapturan y liberan jaguar en Llera"},"content":{"rendered":"<p>La Comisi\u00f3n de Parques y Biodiversidad de Tamaulipas rescat\u00f3 y liber\u00f3 a una hembra de jaguar identificada como \u201cAdelita\u201d, luego de ser recapturada en un rancho del municipio de Llera, donde se hab\u00eda colocado una jaula preventiva tras reportes de depredaci\u00f3n de ganado.<\/p>\n<p>El vocal ejecutivo del organismo, Eduardo Rocha Orozco, inform\u00f3 que personal t\u00e9cnico de la Direcci\u00f3n de Biodiversidad acudi\u00f3 al sitio y confirm\u00f3, mediante la lectura de un microchip, que se trataba del mismo ejemplar capturado en noviembre de 2024. \u201cSe corrobor\u00f3 que era una recaptura; el microchip permiti\u00f3 identificarla plenamente\u201d, explic\u00f3.<\/p>\n<p>Como parte del protocolo, el equipo veterinario aplic\u00f3 anestesia para su manejo seguro y realiz\u00f3 una evaluaci\u00f3n cl\u00ednica integral en campo. El felino registr\u00f3 un peso de 40.250 kilogramos. Adem\u00e1s, se practicaron estudios con equipo port\u00e1til de rayos X y ultrasonido, toma de medidas morfom\u00e9tricas y extracci\u00f3n de muestras de sangre y pelo.<\/p>\n<p>Tambi\u00e9n se document\u00f3 el patr\u00f3n de manchas y huellas, informaci\u00f3n que fortalece la base de datos t\u00e9cnica del programa estatal de conservaci\u00f3n. Las autoridades confirmaron que el ejemplar se encontraba en buen estado de salud.<\/p>\n<p>Rocha Orozco subray\u00f3 que estas acciones forman parte del Programa Estatal de Manejo, Monitoreo y Conservaci\u00f3n del Jaguar, el cual opera de manera permanente con respaldo del Gobierno del Estado y en coordinaci\u00f3n con estrategias nacionales para la protecci\u00f3n del felino.<\/p>\n<p>Tras concluir la valoraci\u00f3n m\u00e9dica y confirmar su adecuada condici\u00f3n f\u00edsica, \u201cAdelita\u201d fue liberada en la misma zona de captura, con lo que se cerr\u00f3 el protocolo t\u00e9cnico establecido para este tipo de casos.<\/p>\n","protected":false},"excerpt":{"rendered":"<p>La Comisi\u00f3n de Parques y Biodiversidad de Tamaulipas rescat\u00f3 y liber\u00f3 a una hembra de jaguar identificada como \u201cAdelita\u201d, luego de ser recapturada en un rancho del municipio de Llera, donde se hab\u00eda colocado una jaula preventiva tras reportes de depredaci\u00f3n de ganado. El vocal ejecutivo del organismo, Eduardo Rocha Orozco, inform\u00f3 que personal t\u00e9cnico [&hellip;]<\/p>\n","protected":false},"author":4,"featured_media":21446,"comment_status":"closed","ping_status":"closed","sticky":false,"template":"","format":"standard","meta":{"footnotes":""},"categories":[3],"tags":[],"class_list":["post-21445","post","type-post","status-publish","format-standard","has-post-thumbnail","hentry","category-victoria"],"_links":{"self":[{"href":"https:\/\/conexiontotal.press\/index.php\/wp-json\/wp\/v2\/posts\/21445","targetHints":{"allow":["GET"]}}],"collection":[{"href":"https:\/\/conexiontotal.press\/index.php\/wp-json\/wp\/v2\/posts"}],"about":[{"href":"https:\/\/conexiontotal.press\/index.php\/wp-json\/wp\/v2\/types\/post"}],"author":[{"embeddable":true,"href":"https:\/\/conexiontotal.press\/index.php\/wp-json\/wp\/v2\/users\/4"}],"replies":[{"embeddable":true,"href":"https:\/\/conexiontotal.press\/index.php\/wp-json\/wp\/v2\/comments?post=21445"}],"version-history":[{"count":1,"href":"https:\/\/conexiontotal.press\/index.php\/wp-json\/wp\/v2\/posts\/21445\/revisions"}],"predecessor-version":[{"id":21447,"href":"https:\/\/conexiontotal.press\/index.php\/wp-json\/wp\/v2\/posts\/21445\/revisions\/21447"}],"wp:featuredmedia":[{"embeddable":true,"href":"https:\/\/conexiontotal.press\/index.php\/wp-json\/wp\/v2\/media\/21446"}],"wp:attachment":[{"href":"https:\/\/conexiontotal.press\/index.php\/wp-json\/wp\/v2\/media?parent=21445"}],"wp:term":[{"taxonomy":"category","embeddable":true,"href":"https:\/\/conexiontotal.press\/index.php\/wp-json\/wp\/v2\/categories?post=21445"},{"taxonomy":"post_tag","embeddable":true,"href":"https:\/\/conexiontotal.press\/index.php\/wp-json\/wp\/v2\/tags?post=21445"}],"curies":[{"name":"wp","href":"https:\/\/api.w.org\/{rel}","templated":true}]}}