{"id":21475,"date":"2026-02-11T15:49:40","date_gmt":"2026-02-11T21:49:40","guid":{"rendered":"https:\/\/conexiontotal.press\/?p=21475"},"modified":"2026-02-26T15:49:48","modified_gmt":"2026-02-26T21:49:48","slug":"llama-americo-villarreal-a-reforzar-vacunacion-contra-el-sarampion","status":"publish","type":"post","link":"https:\/\/conexiontotal.press\/index.php\/2026\/02\/11\/llama-americo-villarreal-a-reforzar-vacunacion-contra-el-sarampion\/","title":{"rendered":"Llama Am\u00e9rico Villarreal a reforzar vacunaci\u00f3n contra el sarampi\u00f3n"},"content":{"rendered":"<p>Ciudad Victoria, Tamaulipas.- El trabajo y el esfuerzo realizado a trav\u00e9s del sector salud, para reforzar las campa\u00f1as de vacunaci\u00f3n durante el 2025 y en lo que va del presente a\u00f1o, han permitido que Tamaulipas no tenga ning\u00fan caso activo de sarampi\u00f3n, asegur\u00f3 el gobernador Am\u00e9rico Villarreal.<\/p>\n<p>Luego de participar en una reuni\u00f3n virtual con la presidenta Claudia Sheinbaum en donde se evalu\u00f3 la situaci\u00f3n del sarampi\u00f3n en el pa\u00eds, el gobernador llam\u00f3 a reforzar los procesos de vacunaci\u00f3n, asegurando que se cuenta con la suficiencia de vacunas, distribuci\u00f3n y la capacidad para atender a la poblaci\u00f3n que lo requiera.<\/p>\n<p>\u201cEntre 1 y 9 a\u00f1os de edad tienen que acudir a su centro de salud y aplicarse la primera dosis de vacunaci\u00f3n y ellos deber\u00e1n de recibir 2 dosis de vacunaci\u00f3n; una al a\u00f1o de edad y otra a los 9 a\u00f1os de edad\u201d, inform\u00f3, y enseguida explic\u00f3: si no la han recibido, quienes tienen de 3, 5 a 7 a\u00f1os, deben ser llevados a recibir su primera dosis y luego tener una segunda dosis de reforzamiento a la edad de nueve a\u00f1os.<\/p>\n<p>Agreg\u00f3 que a pesar de que los estados vecinos como Nuevo Le\u00f3n, San Luis Potos\u00ed, Veracruz e incluso Texas, han reportado casos activos de sarampi\u00f3n, Tamaulipas se sigue distinguiendo a nivel nacional gracias a la participaci\u00f3n de la ciudadan\u00eda que ha respondido a las acciones de prevenci\u00f3n.<\/p>\n<p>Y a\u00f1adi\u00f3, &#8220;Divulguemos esta informaci\u00f3n para que en Tamaulipas sigamos distingui\u00e9ndonos como un estado con una sociedad participativa y colaborativa que obtiene resultados como este y que podamos seguir diciendo que nuestra entidad est\u00e1 libre de sarampi\u00f3n&#8221;.<\/p>\n<p>Mencion\u00f3 que el gobierno federal ha puesto a disposici\u00f3n de la poblaci\u00f3n el sitio dondemevacuno.salud.gob.mx en donde se detallan todos los puntos habilitados y los horarios donde se puede recibir el esquema de vacunaci\u00f3n.<\/p>\n","protected":false},"excerpt":{"rendered":"<p>Ciudad Victoria, Tamaulipas.- El trabajo y el esfuerzo realizado a trav\u00e9s del sector salud, para reforzar las campa\u00f1as de vacunaci\u00f3n durante el 2025 y en lo que va del presente a\u00f1o, han permitido que Tamaulipas no tenga ning\u00fan caso activo de sarampi\u00f3n, asegur\u00f3 el gobernador Am\u00e9rico Villarreal. Luego de participar en una reuni\u00f3n virtual con [&hellip;]<\/p>\n","protected":false},"author":4,"featured_media":21476,"comment_status":"closed","ping_status":"closed","sticky":false,"template":"","format":"standard","meta":{"footnotes":""},"categories":[3],"tags":[],"class_list":["post-21475","post","type-post","status-publish","format-standard","has-post-thumbnail","hentry","category-victoria"],"_links":{"self":[{"href":"https:\/\/conexiontotal.press\/index.php\/wp-json\/wp\/v2\/posts\/21475","targetHints":{"allow":["GET"]}}],"collection":[{"href":"https:\/\/conexiontotal.press\/index.php\/wp-json\/wp\/v2\/posts"}],"about":[{"href":"https:\/\/conexiontotal.press\/index.php\/wp-json\/wp\/v2\/types\/post"}],"author":[{"embeddable":true,"href":"https:\/\/conexiontotal.press\/index.php\/wp-json\/wp\/v2\/users\/4"}],"replies":[{"embeddable":true,"href":"https:\/\/conexiontotal.press\/index.php\/wp-json\/wp\/v2\/comments?post=21475"}],"version-history":[{"count":1,"href":"https:\/\/conexiontotal.press\/index.php\/wp-json\/wp\/v2\/posts\/21475\/revisions"}],"predecessor-version":[{"id":21477,"href":"https:\/\/conexiontotal.press\/index.php\/wp-json\/wp\/v2\/posts\/21475\/revisions\/21477"}],"wp:featuredmedia":[{"embeddable":true,"href":"https:\/\/conexiontotal.press\/index.php\/wp-json\/wp\/v2\/media\/21476"}],"wp:attachment":[{"href":"https:\/\/conexiontotal.press\/index.php\/wp-json\/wp\/v2\/media?parent=21475"}],"wp:term":[{"taxonomy":"category","embeddable":true,"href":"https:\/\/conexiontotal.press\/index.php\/wp-json\/wp\/v2\/categories?post=21475"},{"taxonomy":"post_tag","embeddable":true,"href":"https:\/\/conexiontotal.press\/index.php\/wp-json\/wp\/v2\/tags?post=21475"}],"curies":[{"name":"wp","href":"https:\/\/api.w.org\/{rel}","templated":true}]}}