{"id":21494,"date":"2026-02-18T16:15:27","date_gmt":"2026-02-18T22:15:27","guid":{"rendered":"https:\/\/conexiontotal.press\/?p=21494"},"modified":"2026-02-26T16:15:32","modified_gmt":"2026-02-26T22:15:32","slug":"respalda-semar-desarrollo-del-puerto-del-norte-en-matamoros","status":"publish","type":"post","link":"https:\/\/conexiontotal.press\/index.php\/2026\/02\/18\/respalda-semar-desarrollo-del-puerto-del-norte-en-matamoros\/","title":{"rendered":"Respalda SEMAR desarrollo del Puerto del Norte en Matamoros"},"content":{"rendered":"<p>Ciudad de M\u00e9xico.\u2014 El desarrollo del Puerto del Norte, en Matamoros, es una prioridad nacional y seguir\u00e1 contando con todo el respaldo de la Secretar\u00eda de Marina para consolidar la transformaci\u00f3n de este proyecto estrat\u00e9gico, acordaron el gobernador de Tamaulipas, Am\u00e9rico Villarreal Anaya, y el almirante Raymundo Pedro Morales \u00c1ngeles.<\/p>\n<p>Durante una reuni\u00f3n de trabajo con el mandatario tamaulipeco, el titular de SEMAR reconoci\u00f3 que la dependencia a su cargo seguir\u00e1 trabajando tambi\u00e9n en las tareas de dragado del Puerto del Norte y respaldar\u00e1 la obra ferroviaria que se tiene prevista para contribuir al desarrollo de las operaciones portuarias.<\/p>\n<p>El ejecutivo estatal destac\u00f3 que el Puerto de Matamoros ha recibido ya las primeras embarcaciones y que se llevan a cabo nuevas acciones de infraestructura, lo que permite a Tamaulipas contar con el tercer puerto de altura, adem\u00e1s de Tampico y Altamira, y convertirse en una puerta m\u00e1s segura y eficiente al comercio exterior mexicano y en la primera frontera mar\u00edtima del pa\u00eds.<\/p>\n","protected":false},"excerpt":{"rendered":"<p>Ciudad de M\u00e9xico.\u2014 El desarrollo del Puerto del Norte, en Matamoros, es una prioridad nacional y seguir\u00e1 contando con todo el respaldo de la Secretar\u00eda de Marina para consolidar la transformaci\u00f3n de este proyecto estrat\u00e9gico, acordaron el gobernador de Tamaulipas, Am\u00e9rico Villarreal Anaya, y el almirante Raymundo Pedro Morales \u00c1ngeles. Durante una reuni\u00f3n de trabajo [&hellip;]<\/p>\n","protected":false},"author":4,"featured_media":21495,"comment_status":"closed","ping_status":"closed","sticky":false,"template":"","format":"standard","meta":{"footnotes":""},"categories":[12],"tags":[],"class_list":["post-21494","post","type-post","status-publish","format-standard","has-post-thumbnail","hentry","category-mexico"],"_links":{"self":[{"href":"https:\/\/conexiontotal.press\/index.php\/wp-json\/wp\/v2\/posts\/21494","targetHints":{"allow":["GET"]}}],"collection":[{"href":"https:\/\/conexiontotal.press\/index.php\/wp-json\/wp\/v2\/posts"}],"about":[{"href":"https:\/\/conexiontotal.press\/index.php\/wp-json\/wp\/v2\/types\/post"}],"author":[{"embeddable":true,"href":"https:\/\/conexiontotal.press\/index.php\/wp-json\/wp\/v2\/users\/4"}],"replies":[{"embeddable":true,"href":"https:\/\/conexiontotal.press\/index.php\/wp-json\/wp\/v2\/comments?post=21494"}],"version-history":[{"count":1,"href":"https:\/\/conexiontotal.press\/index.php\/wp-json\/wp\/v2\/posts\/21494\/revisions"}],"predecessor-version":[{"id":21496,"href":"https:\/\/conexiontotal.press\/index.php\/wp-json\/wp\/v2\/posts\/21494\/revisions\/21496"}],"wp:featuredmedia":[{"embeddable":true,"href":"https:\/\/conexiontotal.press\/index.php\/wp-json\/wp\/v2\/media\/21495"}],"wp:attachment":[{"href":"https:\/\/conexiontotal.press\/index.php\/wp-json\/wp\/v2\/media?parent=21494"}],"wp:term":[{"taxonomy":"category","embeddable":true,"href":"https:\/\/conexiontotal.press\/index.php\/wp-json\/wp\/v2\/categories?post=21494"},{"taxonomy":"post_tag","embeddable":true,"href":"https:\/\/conexiontotal.press\/index.php\/wp-json\/wp\/v2\/tags?post=21494"}],"curies":[{"name":"wp","href":"https:\/\/api.w.org\/{rel}","templated":true}]}}