{"id":21515,"date":"2026-02-26T16:41:59","date_gmt":"2026-02-26T22:41:59","guid":{"rendered":"https:\/\/conexiontotal.press\/?p=21515"},"modified":"2026-02-26T16:41:59","modified_gmt":"2026-02-26T22:41:59","slug":"golpe-al-crimen-en-matamoros-cae-lider-y-nueve-integrantes-de-celula-delictiva","status":"publish","type":"post","link":"https:\/\/conexiontotal.press\/index.php\/2026\/02\/26\/golpe-al-crimen-en-matamoros-cae-lider-y-nueve-integrantes-de-celula-delictiva\/","title":{"rendered":"Golpe al crimen en Matamoros; cae l\u00edder y nueve integrantes de c\u00e9lula delictiva"},"content":{"rendered":"<p>Staff<\/p>\n<p>Expreso-La Raz\u00f3n<\/p>\n<p>En un operativo conjunto, fuerzas federales lograron la detenci\u00f3n en flagrancia delictiva del jefe de una c\u00e9lula delictiva en Matamoros y ocho de sus integrantes.<\/p>\n<p>De acuerdo con un comunicado, el Ej\u00e9rcito Mexicano, Guardia Nacional y Fuerza A\u00e9rea Mexicana realizaron la operaci\u00f3n con apoyo de Agencia de Investigaci\u00f3n Criminal (AIC) y FEMDO en el Ejido Sandoval, Heroica Matamoros, Tamps.<\/p>\n<p>Antonio Guadalupe \u201cN\u201d, \u201cLexus\u201d, es considerado el l\u00edder de la llamada &#8220;Operativa Ranger\u201d, responsables de diversas actividades delictivas en el municipio de Matamoros, como extorsi\u00f3n, secuestro, tr\u00e1fico de armas, personas y de drogas en M\u00e9xico y E.U.A.<\/p>\n<p>El resultado del operativo que realiz\u00f3 el Ej\u00e9rcito Mexicano (Fuerzas Especiales), Guardia Nacional y Fuerza A\u00e9rea fue de un total de 9 detenidos, armas de alto poder de uso exclusivo del Ej\u00e9rcito como fusiles Barret Cal. 50., lanza cohetes, granadas, cargadores, cartuchos, poncha llantas, equipo t\u00e1ctico, equipo telef\u00f3nico y veh\u00edculos, cabe resaltar que (a)<\/p>\n<p>&#8220;Lexus&#8221; figura en una lista de objetivos del gobierno de E.U.A.<\/p>\n<p>Los detenidos y lo asegurado fueron puestos a disposici\u00f3n de la F.E.M.D.O., en las instalaciones de la F.G.R. en el Mpio. de Reynosa, Tamps., por personal de la G.N<\/p>\n","protected":false},"excerpt":{"rendered":"<p>Staff Expreso-La Raz\u00f3n En un operativo conjunto, fuerzas federales lograron la detenci\u00f3n en flagrancia delictiva del jefe de una c\u00e9lula delictiva en Matamoros y ocho de sus integrantes. De acuerdo con un comunicado, el Ej\u00e9rcito Mexicano, Guardia Nacional y Fuerza A\u00e9rea Mexicana realizaron la operaci\u00f3n con apoyo de Agencia de Investigaci\u00f3n Criminal (AIC) y FEMDO [&hellip;]<\/p>\n","protected":false},"author":4,"featured_media":21516,"comment_status":"closed","ping_status":"closed","sticky":false,"template":"","format":"standard","meta":{"footnotes":""},"categories":[20],"tags":[],"class_list":["post-21515","post","type-post","status-publish","format-standard","has-post-thumbnail","hentry","category-frontera"],"_links":{"self":[{"href":"https:\/\/conexiontotal.press\/index.php\/wp-json\/wp\/v2\/posts\/21515","targetHints":{"allow":["GET"]}}],"collection":[{"href":"https:\/\/conexiontotal.press\/index.php\/wp-json\/wp\/v2\/posts"}],"about":[{"href":"https:\/\/conexiontotal.press\/index.php\/wp-json\/wp\/v2\/types\/post"}],"author":[{"embeddable":true,"href":"https:\/\/conexiontotal.press\/index.php\/wp-json\/wp\/v2\/users\/4"}],"replies":[{"embeddable":true,"href":"https:\/\/conexiontotal.press\/index.php\/wp-json\/wp\/v2\/comments?post=21515"}],"version-history":[{"count":1,"href":"https:\/\/conexiontotal.press\/index.php\/wp-json\/wp\/v2\/posts\/21515\/revisions"}],"predecessor-version":[{"id":21517,"href":"https:\/\/conexiontotal.press\/index.php\/wp-json\/wp\/v2\/posts\/21515\/revisions\/21517"}],"wp:featuredmedia":[{"embeddable":true,"href":"https:\/\/conexiontotal.press\/index.php\/wp-json\/wp\/v2\/media\/21516"}],"wp:attachment":[{"href":"https:\/\/conexiontotal.press\/index.php\/wp-json\/wp\/v2\/media?parent=21515"}],"wp:term":[{"taxonomy":"category","embeddable":true,"href":"https:\/\/conexiontotal.press\/index.php\/wp-json\/wp\/v2\/categories?post=21515"},{"taxonomy":"post_tag","embeddable":true,"href":"https:\/\/conexiontotal.press\/index.php\/wp-json\/wp\/v2\/tags?post=21515"}],"curies":[{"name":"wp","href":"https:\/\/api.w.org\/{rel}","templated":true}]}}