{"id":21562,"date":"2026-03-02T17:19:13","date_gmt":"2026-03-02T23:19:13","guid":{"rendered":"https:\/\/conexiontotal.press\/?p=21562"},"modified":"2026-03-02T17:19:13","modified_gmt":"2026-03-02T23:19:13","slug":"cuera-tamaulipeca-ya-cuenta-con-proteccion-oficial","status":"publish","type":"post","link":"https:\/\/conexiontotal.press\/index.php\/2026\/03\/02\/cuera-tamaulipeca-ya-cuenta-con-proteccion-oficial\/","title":{"rendered":"Cuera Tamaulipeca ya cuenta con protecci\u00f3n oficial"},"content":{"rendered":"<p>Ciudad Victoria, Tamaulipas.\u2013 Autoridades federales y estatales entregaron los distintivos Hecho en Tamaulipas, Hecho en M\u00e9xico y la Indicaci\u00f3n Geogr\u00e1fica de la Cuera Tamaulipeca en una ceremonia realizada en el Polyforum de la capital.<\/p>\n<p>La directora del Plan de Marca Nacional \u201cHecho en M\u00e9xico\u201d, Mar\u00eda B\u00e1rbara Botello Santib\u00e1\u00f1ez, afirm\u00f3 que la entidad atraviesa un momento favorable en materia productiva y se\u00f1al\u00f3 que la pol\u00edtica industrial nacional impulsa el fortalecimiento del contenido local y la exportaci\u00f3n.<\/p>\n<p>Durante el evento, el gobernador Am\u00e9rico Villarreal Anaya entreg\u00f3 diez certificados \u201cOrgullo Tamaulipeco\u201d a emprendedores de distintos municipios, como reconocimiento a su trabajo y aportaci\u00f3n a la econom\u00eda estatal.<\/p>\n<p>El mandatario destac\u00f3 que el distintivo busca fortalecer a las peque\u00f1as y medianas empresas y vincularlas con la estrategia nacional \u201cHecho en M\u00e9xico\u201d, promovida por la presidenta Claudia Sheinbaum, orientada a impulsar la producci\u00f3n nacional y reducir importaciones.<\/p>\n<p>La directora general adjunta de los Servicios de Apoyo del Instituto Mexicano de la Propiedad Industrial (IMPI), Guadalupe Itzi-Guari Hurtado Ba\u00f1uelos, entreg\u00f3 la declaratoria de protecci\u00f3n de la Indicaci\u00f3n Geogr\u00e1fica de la Cuera Tamaulipeca.<\/p>\n<p>La certificaci\u00f3n establece que la prenda solo podr\u00e1 elaborarse bajo est\u00e1ndares definidos por su comunidad productora, protege su autenticidad, evita imitaciones y garantiza que el valor econ\u00f3mico permanezca en el territorio de origen.<\/p>\n<p>Autoridades se\u00f1alaron que se trata de la primera protecci\u00f3n bajo esta figura otorgada a un producto originario de Tamaulipas.<\/p>\n<p>La secretaria de Econom\u00eda estatal, Ninfa Cant\u00fa De\u00e1ndar, indic\u00f3 que la integraci\u00f3n de productos locales a las estrategias Hecho en Tamaulipas y Hecho en M\u00e9xico busca ampliar mercados y fortalecer su posicionamiento nacional e internacional.<\/p>\n","protected":false},"excerpt":{"rendered":"<p>Ciudad Victoria, Tamaulipas.\u2013 Autoridades federales y estatales entregaron los distintivos Hecho en Tamaulipas, Hecho en M\u00e9xico y la Indicaci\u00f3n Geogr\u00e1fica de la Cuera Tamaulipeca en una ceremonia realizada en el Polyforum de la capital. La directora del Plan de Marca Nacional \u201cHecho en M\u00e9xico\u201d, Mar\u00eda B\u00e1rbara Botello Santib\u00e1\u00f1ez, afirm\u00f3 que la entidad atraviesa un momento [&hellip;]<\/p>\n","protected":false},"author":4,"featured_media":21563,"comment_status":"closed","ping_status":"closed","sticky":false,"template":"","format":"standard","meta":{"footnotes":""},"categories":[3],"tags":[],"class_list":["post-21562","post","type-post","status-publish","format-standard","has-post-thumbnail","hentry","category-victoria"],"_links":{"self":[{"href":"https:\/\/conexiontotal.press\/index.php\/wp-json\/wp\/v2\/posts\/21562","targetHints":{"allow":["GET"]}}],"collection":[{"href":"https:\/\/conexiontotal.press\/index.php\/wp-json\/wp\/v2\/posts"}],"about":[{"href":"https:\/\/conexiontotal.press\/index.php\/wp-json\/wp\/v2\/types\/post"}],"author":[{"embeddable":true,"href":"https:\/\/conexiontotal.press\/index.php\/wp-json\/wp\/v2\/users\/4"}],"replies":[{"embeddable":true,"href":"https:\/\/conexiontotal.press\/index.php\/wp-json\/wp\/v2\/comments?post=21562"}],"version-history":[{"count":1,"href":"https:\/\/conexiontotal.press\/index.php\/wp-json\/wp\/v2\/posts\/21562\/revisions"}],"predecessor-version":[{"id":21564,"href":"https:\/\/conexiontotal.press\/index.php\/wp-json\/wp\/v2\/posts\/21562\/revisions\/21564"}],"wp:featuredmedia":[{"embeddable":true,"href":"https:\/\/conexiontotal.press\/index.php\/wp-json\/wp\/v2\/media\/21563"}],"wp:attachment":[{"href":"https:\/\/conexiontotal.press\/index.php\/wp-json\/wp\/v2\/media?parent=21562"}],"wp:term":[{"taxonomy":"category","embeddable":true,"href":"https:\/\/conexiontotal.press\/index.php\/wp-json\/wp\/v2\/categories?post=21562"},{"taxonomy":"post_tag","embeddable":true,"href":"https:\/\/conexiontotal.press\/index.php\/wp-json\/wp\/v2\/tags?post=21562"}],"curies":[{"name":"wp","href":"https:\/\/api.w.org\/{rel}","templated":true}]}}