{"id":21565,"date":"2026-03-02T18:08:42","date_gmt":"2026-03-03T00:08:42","guid":{"rendered":"https:\/\/conexiontotal.press\/?p=21565"},"modified":"2026-03-02T18:08:42","modified_gmt":"2026-03-03T00:08:42","slug":"anuncian-tercera-etapa-del-bulevar-jose-lopez-portillo-para-2026","status":"publish","type":"post","link":"https:\/\/conexiontotal.press\/index.php\/2026\/03\/02\/anuncian-tercera-etapa-del-bulevar-jose-lopez-portillo-para-2026\/","title":{"rendered":"Anuncian tercera etapa del bulevar Jos\u00e9 L\u00f3pez Portillo para 2026"},"content":{"rendered":"<p>Ciudad Victoria, Tamaulipas.\u2013 El Gobierno del Estado proyecta para 2026 la tercera etapa del bulevar Jos\u00e9 L\u00f3pez Portillo, con una inversi\u00f3n aproximada de 300 millones de pesos.<\/p>\n<p>El secretario de Obras P\u00fablicas, Pedro Cepeda Anaya, inform\u00f3 que el nuevo tramo abarcar\u00e1 alrededor de 2.5 kil\u00f3metros.<\/p>\n<p>La primera fase se construy\u00f3 del Planetario a la colonia La Moderna. La segunda, en proceso, va de La Moderna al puente de la avenida Carlos Adri\u00e1n Avil\u00e9s.<\/p>\n<p>La obra dar\u00e1 continuidad a esta vialidad y ampliar\u00e1 la conectividad en la capital.<\/p>\n","protected":false},"excerpt":{"rendered":"<p>Ciudad Victoria, Tamaulipas.\u2013 El Gobierno del Estado proyecta para 2026 la tercera etapa del bulevar Jos\u00e9 L\u00f3pez Portillo, con una inversi\u00f3n aproximada de 300 millones de pesos. El secretario de Obras P\u00fablicas, Pedro Cepeda Anaya, inform\u00f3 que el nuevo tramo abarcar\u00e1 alrededor de 2.5 kil\u00f3metros. La primera fase se construy\u00f3 del Planetario a la colonia [&hellip;]<\/p>\n","protected":false},"author":4,"featured_media":21566,"comment_status":"closed","ping_status":"closed","sticky":false,"template":"","format":"standard","meta":{"footnotes":""},"categories":[3],"tags":[],"class_list":["post-21565","post","type-post","status-publish","format-standard","has-post-thumbnail","hentry","category-victoria"],"_links":{"self":[{"href":"https:\/\/conexiontotal.press\/index.php\/wp-json\/wp\/v2\/posts\/21565","targetHints":{"allow":["GET"]}}],"collection":[{"href":"https:\/\/conexiontotal.press\/index.php\/wp-json\/wp\/v2\/posts"}],"about":[{"href":"https:\/\/conexiontotal.press\/index.php\/wp-json\/wp\/v2\/types\/post"}],"author":[{"embeddable":true,"href":"https:\/\/conexiontotal.press\/index.php\/wp-json\/wp\/v2\/users\/4"}],"replies":[{"embeddable":true,"href":"https:\/\/conexiontotal.press\/index.php\/wp-json\/wp\/v2\/comments?post=21565"}],"version-history":[{"count":1,"href":"https:\/\/conexiontotal.press\/index.php\/wp-json\/wp\/v2\/posts\/21565\/revisions"}],"predecessor-version":[{"id":21567,"href":"https:\/\/conexiontotal.press\/index.php\/wp-json\/wp\/v2\/posts\/21565\/revisions\/21567"}],"wp:featuredmedia":[{"embeddable":true,"href":"https:\/\/conexiontotal.press\/index.php\/wp-json\/wp\/v2\/media\/21566"}],"wp:attachment":[{"href":"https:\/\/conexiontotal.press\/index.php\/wp-json\/wp\/v2\/media?parent=21565"}],"wp:term":[{"taxonomy":"category","embeddable":true,"href":"https:\/\/conexiontotal.press\/index.php\/wp-json\/wp\/v2\/categories?post=21565"},{"taxonomy":"post_tag","embeddable":true,"href":"https:\/\/conexiontotal.press\/index.php\/wp-json\/wp\/v2\/tags?post=21565"}],"curies":[{"name":"wp","href":"https:\/\/api.w.org\/{rel}","templated":true}]}}