{"id":21574,"date":"2026-03-04T15:29:01","date_gmt":"2026-03-04T21:29:01","guid":{"rendered":"https:\/\/conexiontotal.press\/?p=21574"},"modified":"2026-03-04T15:29:01","modified_gmt":"2026-03-04T21:29:01","slug":"asume-nuevo-comandante-de-la-8-a-zona-aerea-militar-reforzara-seguridad-y-legalidad-en-vuelos","status":"publish","type":"post","link":"https:\/\/conexiontotal.press\/index.php\/2026\/03\/04\/asume-nuevo-comandante-de-la-8-a-zona-aerea-militar-reforzara-seguridad-y-legalidad-en-vuelos\/","title":{"rendered":"Asume nuevo comandante de la 8\/a Zona A\u00e9rea Militar; reforzar\u00e1 seguridad y legalidad en vuelos"},"content":{"rendered":"<p>Cynthia Gallardo<\/p>\n<p>La Raz\u00f3n<\/p>\n<p>Con la encomienda de garantizar la legalidad y la seguridad en las operaciones a\u00e9reas, el General de Ala Piloto Aviador de Estado Mayor, Jorge Cruz Carrillo Gonz\u00e1lez, tom\u00f3 posesi\u00f3n y protesta de bandera como Comandante de la \u201c8\/a Zona A\u00e9rea Militar\u201d, acompa\u00f1ado por el General de Brigada Fuerza A\u00e9rea Piloto Aviador, General Humberto Ibarra Lares, Comandante de la Tercera Regi\u00f3n A\u00e9rea Militar del Noreste.<\/p>\n<p>El nuevo mando se refiri\u00f3 a la relevancia estrat\u00e9gica del cuartel en Tamaulipas, debido a su ubicaci\u00f3n fronteriza y su litoral.<\/p>\n<p>\u201cEste cuartel tiene importancia porque es una ubicaci\u00f3n estrat\u00e9gica. Tamaulipas tiene frontera con Estados Unidos y 200 millas de litoral y eso lo hace un punto estrat\u00e9gico para todos los vuelos. Podr\u00edamos decir que es un centro de concentraci\u00f3n de vuelos desde Sudam\u00e9rica o Estados Unidos\u2026 servir al pueblo de M\u00e9xico dentro de mis facultades y obligaciones, tratar que la aviaci\u00f3n civil sea lo m\u00e1s seguro posible de forma legal todas las operaciones en esta \u00e1rea\u201d<\/p>\n<p>Se\u00f1al\u00f3 que actualmente tiene bajo su responsabilidad a 20 personas; sin embargo, con el fortalecimiento del cuartel la cifra aument\u00f3 a 150 elementos.<\/p>\n<p>\u201cLa encomienda es lo normal que tenemos los mandos a\u00e9reos, es coordinar que los vuelos que se lleven a cabo en esta \u00e1rea, que es mi responsabilidad, se lleven a cabo de forma segura y legal\u201d<\/p>\n<p>Por su parte, la Capit\u00e1n Segundo de la Fuerza A\u00e9rea Meteor\u00f3loga, Brenda Guevara Carrillo, explic\u00f3 que Tampico forma parte de la jurisdicci\u00f3n de la Tercera Regi\u00f3n A\u00e9rea Militar, con sede en Chihuahua.<\/p>\n<p>\u201cNosotros como Fuerza A\u00e9rea Mexicana tenemos diferentes regiones a\u00e9reas, la tercera regi\u00f3n es la que est\u00e1 con sede en Chihuahua, Chihuahua, y nosotros estamos dentro de la tercera regi\u00f3n a\u00e9rea militar aqu\u00ed en Tampico\u201d<\/p>\n<p>El nuevo mando expres\u00f3 que se cuenta con respaldo tanto de aviaci\u00f3n civil como militar y con sistemas de vigilancia a\u00e9rea.<\/p>\n<p>\u201cCon los medios de detecci\u00f3n que ya est\u00e1n instalados y los pr\u00f3ximos que se instalar\u00e1n\u201d<\/p>\n<p>Se\u00f1al\u00f3 que como Zona A\u00e9rea Militar una de las principales obligaciones es el resguardo del espacio a\u00e9reo en coordinaci\u00f3n con el Aeropuerto Internacional de Tampico &#8220;Francisco Javier Mina&#8221;.<\/p>\n<p>Carrillo estuvo al frente de la Base A\u00e9rea Militar N.\u00ba 17 y fue designado a la 8\/a Zona A\u00e9rea Militar en Tampico el pasado 1 de marzo.<\/p>\n<p>Al evento tambi\u00e9n asistieron Carlos Alberto Garc\u00eda Porres, secretario del ayuntamiento de Tampico y Antonio S\u00e1nchez Cordero, representante de la presidenta municipal, M\u00f3nica Villarreal Anaya y el representante del alcalde de Ciudad Madero, Erasmo Gonz\u00e1lez Robledo.<\/p>\n","protected":false},"excerpt":{"rendered":"<p>Cynthia Gallardo La Raz\u00f3n Con la encomienda de garantizar la legalidad y la seguridad en las operaciones a\u00e9reas, el General de Ala Piloto Aviador de Estado Mayor, Jorge Cruz Carrillo Gonz\u00e1lez, tom\u00f3 posesi\u00f3n y protesta de bandera como Comandante de la \u201c8\/a Zona A\u00e9rea Militar\u201d, acompa\u00f1ado por el General de Brigada Fuerza A\u00e9rea Piloto Aviador, [&hellip;]<\/p>\n","protected":false},"author":4,"featured_media":21575,"comment_status":"closed","ping_status":"closed","sticky":false,"template":"","format":"standard","meta":{"footnotes":""},"categories":[4],"tags":[],"class_list":["post-21574","post","type-post","status-publish","format-standard","has-post-thumbnail","hentry","category-tampico"],"_links":{"self":[{"href":"https:\/\/conexiontotal.press\/index.php\/wp-json\/wp\/v2\/posts\/21574","targetHints":{"allow":["GET"]}}],"collection":[{"href":"https:\/\/conexiontotal.press\/index.php\/wp-json\/wp\/v2\/posts"}],"about":[{"href":"https:\/\/conexiontotal.press\/index.php\/wp-json\/wp\/v2\/types\/post"}],"author":[{"embeddable":true,"href":"https:\/\/conexiontotal.press\/index.php\/wp-json\/wp\/v2\/users\/4"}],"replies":[{"embeddable":true,"href":"https:\/\/conexiontotal.press\/index.php\/wp-json\/wp\/v2\/comments?post=21574"}],"version-history":[{"count":1,"href":"https:\/\/conexiontotal.press\/index.php\/wp-json\/wp\/v2\/posts\/21574\/revisions"}],"predecessor-version":[{"id":21576,"href":"https:\/\/conexiontotal.press\/index.php\/wp-json\/wp\/v2\/posts\/21574\/revisions\/21576"}],"wp:featuredmedia":[{"embeddable":true,"href":"https:\/\/conexiontotal.press\/index.php\/wp-json\/wp\/v2\/media\/21575"}],"wp:attachment":[{"href":"https:\/\/conexiontotal.press\/index.php\/wp-json\/wp\/v2\/media?parent=21574"}],"wp:term":[{"taxonomy":"category","embeddable":true,"href":"https:\/\/conexiontotal.press\/index.php\/wp-json\/wp\/v2\/categories?post=21574"},{"taxonomy":"post_tag","embeddable":true,"href":"https:\/\/conexiontotal.press\/index.php\/wp-json\/wp\/v2\/tags?post=21574"}],"curies":[{"name":"wp","href":"https:\/\/api.w.org\/{rel}","templated":true}]}}