{"id":21586,"date":"2026-03-06T17:29:09","date_gmt":"2026-03-06T23:29:09","guid":{"rendered":"https:\/\/conexiontotal.press\/?p=21586"},"modified":"2026-03-06T17:29:09","modified_gmt":"2026-03-06T23:29:09","slug":"nombran-a-judith-cornejo-barrera-como-nueva-directora-del-hospital-infantil-de-tamaulipas","status":"publish","type":"post","link":"https:\/\/conexiontotal.press\/index.php\/2026\/03\/06\/nombran-a-judith-cornejo-barrera-como-nueva-directora-del-hospital-infantil-de-tamaulipas\/","title":{"rendered":"Nombran a Judith Cornejo Barrera como nueva directora del Hospital Infantil de Tamaulipas"},"content":{"rendered":"<p>Por Ra\u00fal L\u00f3pez Garc\u00eda<\/p>\n<p>El Hospital Infantil de Tamaulipas tendr\u00e1 nueva direcci\u00f3n luego de la renuncia del doctor Vicente Plascencia Valadez, en medio del esc\u00e1ndalo generado por las denuncias de agresi\u00f3n contra doctoras residentes ocurridas dentro del nosocomio, situaci\u00f3n que llev\u00f3 al nombramiento de la doctora Judith Cornejo Barrera como nueva directora de la instituci\u00f3n.<\/p>\n<p>La designaci\u00f3n de Cornejo Barrera fue anunciada a trav\u00e9s de una invitaci\u00f3n enviada a medios de comunicaci\u00f3n para la entrega oficial del nombramiento, acto que inicialmente estaba programado para este viernes 6 de marzo a las 16:00 horas en la direcci\u00f3n del Hospital Infantil de Tamaulipas.<\/p>\n<p>Sin embargo, la ceremonia fue pospuesta para este s\u00e1bado con el objetivo de contar con la presencia del director general del IMSS Bienestar, Marggid Rodr\u00edguez Avenda\u00f1o, quien se encontraba fuera del estado y no pod\u00eda asistir a la fecha originalmente programada.<\/p>\n<p>El relevo en la direcci\u00f3n ocurre luego de que el doctor Vicente Plascencia Valadez anunciara su decisi\u00f3n de dejar el cargo con el prop\u00f3sito de que las investigaciones sobre los hechos ocurridos el pasado 30 de diciembre contin\u00faen sin interferencias.<\/p>\n<p>\u201cHe tomado la decisi\u00f3n de hacerme a un lado y dejar la direcci\u00f3n del Hospital Infantil de Tamaulipas, una instituci\u00f3n loable, importante en el sistema de salud del pa\u00eds y que merece todo mi cari\u00f1o y mi respeto\u201d, expres\u00f3 el m\u00e9dico al dar a conocer su salida.<\/p>\n<p>Plascencia explic\u00f3 que su decisi\u00f3n busca evitar que su presencia institucional pueda ser utilizada para distorsionar el proceso de investigaci\u00f3n y reiter\u00f3 su solidaridad con las doctoras residentes que denunciaron los hechos.<\/p>\n<p>Con su salida, las autoridades optaron por nombrar a una m\u00e9dica con amplia trayectoria dentro del propio hospital. Judith Cornejo Barrera cuenta con m\u00e1s de 35 a\u00f1os de servicio en el Hospital Infantil de Tamaulipas, instituci\u00f3n en la que inici\u00f3 labores el 2 de enero de 1988.<\/p>\n<p>Durante m\u00e1s de dos d\u00e9cadas fue la \u00fanica especialista en un \u00e1rea clave dentro del hospital, consolid\u00e1ndose como una figura importante en la atenci\u00f3n m\u00e9dica pedi\u00e1trica y en el desarrollo de servicios especializados para ni\u00f1as, ni\u00f1os y adolescentes.<\/p>\n<p>Antes de asumir la direcci\u00f3n, Cornejo Barrera se desempe\u00f1aba como Subdirectora de Investigaci\u00f3n y Calidad del Hospital Infantil, desde donde coordin\u00f3 proyectos de investigaci\u00f3n cl\u00ednica y colaboraciones con instituciones m\u00e9dicas como el Hospital Regional de Alta Especialidad de Ciudad Victoria.<\/p>\n<p>Adem\u00e1s, es reconocida por su trabajo en el diagn\u00f3stico y tratamiento de la diabetes infantil, as\u00ed como por su participaci\u00f3n en estudios sobre monitoreo de glucosa y atenci\u00f3n especializada para pacientes con diabetes tipo 1 en edad pedi\u00e1trica.<\/p>\n<p>Su nombramiento ocurre en el marco de la Coordinaci\u00f3n Estatal del IMSS Bienestar en Tamaulipas y representa un intento por dar estabilidad institucional al Hospital Infantil de Tamaulipas tras la controversia generada en las \u00faltimas semanas.<\/p>\n<p>Con la llegada de Judith Cornejo Barrera a la direcci\u00f3n, se espera fortalecer la calidad de la atenci\u00f3n pedi\u00e1trica y la operaci\u00f3n del hospital, considerado uno de los centros m\u00e9dicos m\u00e1s importantes del estado para la atenci\u00f3n de ni\u00f1as y ni\u00f1os.<\/p>\n","protected":false},"excerpt":{"rendered":"<p>Por Ra\u00fal L\u00f3pez Garc\u00eda El Hospital Infantil de Tamaulipas tendr\u00e1 nueva direcci\u00f3n luego de la renuncia del doctor Vicente Plascencia Valadez, en medio del esc\u00e1ndalo generado por las denuncias de agresi\u00f3n contra doctoras residentes ocurridas dentro del nosocomio, situaci\u00f3n que llev\u00f3 al nombramiento de la doctora Judith Cornejo Barrera como nueva directora de la instituci\u00f3n. [&hellip;]<\/p>\n","protected":false},"author":4,"featured_media":21587,"comment_status":"closed","ping_status":"closed","sticky":false,"template":"","format":"standard","meta":{"footnotes":""},"categories":[3],"tags":[],"class_list":["post-21586","post","type-post","status-publish","format-standard","has-post-thumbnail","hentry","category-victoria"],"_links":{"self":[{"href":"https:\/\/conexiontotal.press\/index.php\/wp-json\/wp\/v2\/posts\/21586","targetHints":{"allow":["GET"]}}],"collection":[{"href":"https:\/\/conexiontotal.press\/index.php\/wp-json\/wp\/v2\/posts"}],"about":[{"href":"https:\/\/conexiontotal.press\/index.php\/wp-json\/wp\/v2\/types\/post"}],"author":[{"embeddable":true,"href":"https:\/\/conexiontotal.press\/index.php\/wp-json\/wp\/v2\/users\/4"}],"replies":[{"embeddable":true,"href":"https:\/\/conexiontotal.press\/index.php\/wp-json\/wp\/v2\/comments?post=21586"}],"version-history":[{"count":1,"href":"https:\/\/conexiontotal.press\/index.php\/wp-json\/wp\/v2\/posts\/21586\/revisions"}],"predecessor-version":[{"id":21588,"href":"https:\/\/conexiontotal.press\/index.php\/wp-json\/wp\/v2\/posts\/21586\/revisions\/21588"}],"wp:featuredmedia":[{"embeddable":true,"href":"https:\/\/conexiontotal.press\/index.php\/wp-json\/wp\/v2\/media\/21587"}],"wp:attachment":[{"href":"https:\/\/conexiontotal.press\/index.php\/wp-json\/wp\/v2\/media?parent=21586"}],"wp:term":[{"taxonomy":"category","embeddable":true,"href":"https:\/\/conexiontotal.press\/index.php\/wp-json\/wp\/v2\/categories?post=21586"},{"taxonomy":"post_tag","embeddable":true,"href":"https:\/\/conexiontotal.press\/index.php\/wp-json\/wp\/v2\/tags?post=21586"}],"curies":[{"name":"wp","href":"https:\/\/api.w.org\/{rel}","templated":true}]}}