{"id":21597,"date":"2026-03-11T15:22:41","date_gmt":"2026-03-11T21:22:41","guid":{"rendered":"https:\/\/conexiontotal.press\/?p=21597"},"modified":"2026-03-11T15:22:41","modified_gmt":"2026-03-11T21:22:41","slug":"pt-y-pvem-frenan-reforma-electoral-en-la-camara-de-diputados","status":"publish","type":"post","link":"https:\/\/conexiontotal.press\/index.php\/2026\/03\/11\/pt-y-pvem-frenan-reforma-electoral-en-la-camara-de-diputados\/","title":{"rendered":"PT y PVEM frenan reforma electoral en la C\u00e1mara de Diputados"},"content":{"rendered":"<p>Agencias<span class=\"Apple-converted-space\">\u00a0<\/span><\/p>\n<p>Los partidos del Trabajo (PT) y Verde Ecologista de M\u00e9xico (PVEM) frenaron en la C\u00e1mara de Diputados la reforma electoral enviada por la presidenta Claudia Sheinbaum hace una semana, al considerar que representaba un riesgo para la democracia.<\/p>\n<p>Aunque reiteraron estar al \u201c100 por ciento\u201d con Sheinbaum Pardo y al \u201c200 por ciento\u201d con el pueblo de M\u00e9xico, dejaron en claro su rechazo a la iniciativa por discrepancias en temas como la disminuci\u00f3n de prerrogativas a partidos pol\u00edticos, la eliminaci\u00f3n de listas de representaci\u00f3n proporcional en la C\u00e1mara de Diputados y la reducci\u00f3n del n\u00famero de senadores.<\/p>\n<p>La votaci\u00f3n arroj\u00f3 259 votos a favor, 234 en contra y una abstenci\u00f3n \u2014la del diputado del PVEM Ra\u00fal Bola\u00f1os Cacho\u2014, insuficientes para alcanzar la mayor\u00eda calificada requerida. Por parte de Morena, votaron en contra las diputadas Gisela Arellano \u00c1vila, Alejandra Chedraui Peralta y Santa Montemayor Castillo.<\/p>\n<p>Los llamados \u201caliados de la Cuarta Transformaci\u00f3n\u201d se sumaron as\u00ed al PAN, PRI y Movimiento Ciudadano, fuerzas de oposici\u00f3n que desde semanas atr\u00e1s hab\u00edan advertido que no respaldar\u00edan un documento elaborado \u201c\u00fanicamente por el Poder Ejecutivo\u201d y sin consultar a todos los sectores involucrados.<\/p>\n<p>Desde la tribuna, el coordinador del PT, Reginaldo Sandoval Flores, anunci\u00f3 que su bancada se apartar\u00eda del dictamen al considerar que la propuesta no fortalece la democracia y podr\u00eda revertir avances como la paridad de g\u00e9nero y las acciones afirmativas.<\/p>\n<p>Asegur\u00f3 que la postura del partido es firme y que el tiempo demostrar\u00e1 que su posici\u00f3n es la correcta, pues \u201cla ruta que se plantea ahora no es la que nos lleva a tener m\u00e1s democracia\u201d.<\/p>\n<p>Sandoval Flores record\u00f3 que hist\u00f3ricamente su partido se ha opuesto a la instauraci\u00f3n de un partido hegem\u00f3nico, y destac\u00f3 que las reformas electorales m\u00e1s importantes del pa\u00eds \u2014particularmente las de 1977 y 1996\u2014 se construyeron mediante acuerdos entre todas las fuerzas pol\u00edticas, con el gobierno fungiendo como \u00e1rbitro.<\/p>\n<p>En materia de financiamiento, el legislador propuso una reducci\u00f3n mayor, pero con un esquema m\u00e1s equitativo: \u201cnosotros no queremos solo el 25 por ciento; queremos el 50, pero que ese 50 restante se distribuya en partes iguales, y el otro 50 de manera proporcional\u201d.<\/p>\n","protected":false},"excerpt":{"rendered":"<p>Agencias\u00a0 Los partidos del Trabajo (PT) y Verde Ecologista de M\u00e9xico (PVEM) frenaron en la C\u00e1mara de Diputados la reforma electoral enviada por la presidenta Claudia Sheinbaum hace una semana, al considerar que representaba un riesgo para la democracia. Aunque reiteraron estar al \u201c100 por ciento\u201d con Sheinbaum Pardo y al \u201c200 por ciento\u201d con [&hellip;]<\/p>\n","protected":false},"author":4,"featured_media":21598,"comment_status":"closed","ping_status":"closed","sticky":false,"template":"","format":"standard","meta":{"footnotes":""},"categories":[12],"tags":[],"class_list":["post-21597","post","type-post","status-publish","format-standard","has-post-thumbnail","hentry","category-mexico"],"_links":{"self":[{"href":"https:\/\/conexiontotal.press\/index.php\/wp-json\/wp\/v2\/posts\/21597","targetHints":{"allow":["GET"]}}],"collection":[{"href":"https:\/\/conexiontotal.press\/index.php\/wp-json\/wp\/v2\/posts"}],"about":[{"href":"https:\/\/conexiontotal.press\/index.php\/wp-json\/wp\/v2\/types\/post"}],"author":[{"embeddable":true,"href":"https:\/\/conexiontotal.press\/index.php\/wp-json\/wp\/v2\/users\/4"}],"replies":[{"embeddable":true,"href":"https:\/\/conexiontotal.press\/index.php\/wp-json\/wp\/v2\/comments?post=21597"}],"version-history":[{"count":1,"href":"https:\/\/conexiontotal.press\/index.php\/wp-json\/wp\/v2\/posts\/21597\/revisions"}],"predecessor-version":[{"id":21599,"href":"https:\/\/conexiontotal.press\/index.php\/wp-json\/wp\/v2\/posts\/21597\/revisions\/21599"}],"wp:featuredmedia":[{"embeddable":true,"href":"https:\/\/conexiontotal.press\/index.php\/wp-json\/wp\/v2\/media\/21598"}],"wp:attachment":[{"href":"https:\/\/conexiontotal.press\/index.php\/wp-json\/wp\/v2\/media?parent=21597"}],"wp:term":[{"taxonomy":"category","embeddable":true,"href":"https:\/\/conexiontotal.press\/index.php\/wp-json\/wp\/v2\/categories?post=21597"},{"taxonomy":"post_tag","embeddable":true,"href":"https:\/\/conexiontotal.press\/index.php\/wp-json\/wp\/v2\/tags?post=21597"}],"curies":[{"name":"wp","href":"https:\/\/api.w.org\/{rel}","templated":true}]}}