{"id":21614,"date":"2026-03-11T18:56:32","date_gmt":"2026-03-12T00:56:32","guid":{"rendered":"https:\/\/conexiontotal.press\/?p=21614"},"modified":"2026-03-11T18:56:32","modified_gmt":"2026-03-12T00:56:32","slug":"identifican-restos-de-hijo-del-fundador-de-el-rey-del-cabrito-desaparecido-hace-11-anos","status":"publish","type":"post","link":"https:\/\/conexiontotal.press\/index.php\/2026\/03\/11\/identifican-restos-de-hijo-del-fundador-de-el-rey-del-cabrito-desaparecido-hace-11-anos\/","title":{"rendered":"Identifican restos de hijo del fundador de El Rey del Cabrito desaparecido hace 11 a\u00f1os"},"content":{"rendered":"<p>CIUDAD DE M\u00c9XICO.- A once a\u00f1os de su desaparici\u00f3n, autoridades confirmaron la identificaci\u00f3n de los restos de Javier Alejandro Mart\u00ednez Valdez, hijo del fundador de la cadena de restaurantes El Rey del Cabrito, Jes\u00fas Alberto Mart\u00ednez.<\/p>\n<p>De acuerdo con las investigaciones, el joven falleci\u00f3 en un accidente vial y, al no ser identificado en su momento, fue sepultado en una fosa com\u00fan en Nuevo Le\u00f3n en 2015. Durante a\u00f1os se crey\u00f3 que hab\u00eda desaparecido en Coahuila, ya que resid\u00eda en Saltillo.<\/p>\n<p>La identidad fue confirmada recientemente mediante pruebas de ADN, lo que permiti\u00f3 a su familia conocer finalmente su paradero.<\/p>\n<p>A trav\u00e9s de redes sociales, Olga Mart\u00ednez Valdez, hermana del joven, inform\u00f3 sobre la localizaci\u00f3n de los restos y expres\u00f3 que, tras m\u00e1s de una d\u00e9cada de b\u00fasqueda, la familia encuentra ahora un momento de cierre.<\/p>\n<p>\u201cDespu\u00e9s de once a\u00f1os de b\u00fasqueda, de dolor y de esperanza que nunca se apag\u00f3, hoy podemos decir que encontramos a nuestro hermano\u201d, escribi\u00f3.<\/p>\n<p>Tambi\u00e9n agradeci\u00f3 el trabajo de las Fiscal\u00edas de Nuevo Le\u00f3n y Coahuila por las acciones realizadas para lograr la identificaci\u00f3n.<\/p>\n<p>Con informaci\u00f3n de EXC\u00c9LSIOR<span class=\"Apple-converted-space\">\u00a0<\/span><\/p>\n","protected":false},"excerpt":{"rendered":"<p>CIUDAD DE M\u00c9XICO.- A once a\u00f1os de su desaparici\u00f3n, autoridades confirmaron la identificaci\u00f3n de los restos de Javier Alejandro Mart\u00ednez Valdez, hijo del fundador de la cadena de restaurantes El Rey del Cabrito, Jes\u00fas Alberto Mart\u00ednez. De acuerdo con las investigaciones, el joven falleci\u00f3 en un accidente vial y, al no ser identificado en su [&hellip;]<\/p>\n","protected":false},"author":4,"featured_media":21615,"comment_status":"closed","ping_status":"closed","sticky":false,"template":"","format":"standard","meta":{"footnotes":""},"categories":[12],"tags":[],"class_list":["post-21614","post","type-post","status-publish","format-standard","has-post-thumbnail","hentry","category-mexico"],"_links":{"self":[{"href":"https:\/\/conexiontotal.press\/index.php\/wp-json\/wp\/v2\/posts\/21614","targetHints":{"allow":["GET"]}}],"collection":[{"href":"https:\/\/conexiontotal.press\/index.php\/wp-json\/wp\/v2\/posts"}],"about":[{"href":"https:\/\/conexiontotal.press\/index.php\/wp-json\/wp\/v2\/types\/post"}],"author":[{"embeddable":true,"href":"https:\/\/conexiontotal.press\/index.php\/wp-json\/wp\/v2\/users\/4"}],"replies":[{"embeddable":true,"href":"https:\/\/conexiontotal.press\/index.php\/wp-json\/wp\/v2\/comments?post=21614"}],"version-history":[{"count":1,"href":"https:\/\/conexiontotal.press\/index.php\/wp-json\/wp\/v2\/posts\/21614\/revisions"}],"predecessor-version":[{"id":21616,"href":"https:\/\/conexiontotal.press\/index.php\/wp-json\/wp\/v2\/posts\/21614\/revisions\/21616"}],"wp:featuredmedia":[{"embeddable":true,"href":"https:\/\/conexiontotal.press\/index.php\/wp-json\/wp\/v2\/media\/21615"}],"wp:attachment":[{"href":"https:\/\/conexiontotal.press\/index.php\/wp-json\/wp\/v2\/media?parent=21614"}],"wp:term":[{"taxonomy":"category","embeddable":true,"href":"https:\/\/conexiontotal.press\/index.php\/wp-json\/wp\/v2\/categories?post=21614"},{"taxonomy":"post_tag","embeddable":true,"href":"https:\/\/conexiontotal.press\/index.php\/wp-json\/wp\/v2\/tags?post=21614"}],"curies":[{"name":"wp","href":"https:\/\/api.w.org\/{rel}","templated":true}]}}