{"id":21943,"date":"2026-04-13T08:29:24","date_gmt":"2026-04-13T14:29:24","guid":{"rendered":"https:\/\/conexiontotal.press\/?p=21943"},"modified":"2026-04-28T08:29:55","modified_gmt":"2026-04-28T14:29:55","slug":"anuncia-gobierno-de-americo-ultima-etapa-de-construccion-en-la-ciudad-judicial","status":"publish","type":"post","link":"https:\/\/conexiontotal.press\/index.php\/2026\/04\/13\/anuncia-gobierno-de-americo-ultima-etapa-de-construccion-en-la-ciudad-judicial\/","title":{"rendered":"Anuncia gobierno de Am\u00e9rico \u00faltima etapa de construcci\u00f3n en la Ciudad Judicial"},"content":{"rendered":"<p>Ciudad Victoria, Tamaulipas.-Una inversi\u00f3n de 125 millones de pesos para la \u00faltima etapa de construcci\u00f3n de la Ciudad Judicial, fue confirmada por el gobernador Am\u00e9rico Villarreal Anaya, durante la ceremonia de honores a los s\u00edmbolos patrios, celebrada en la explanada del Supremo Tribunal de Justicia.<\/p>\n<p>As\u00ed lo se\u00f1al\u00f3 el secretario de Obras P\u00fablicas, Pedro Cepeda Anaya, quien inform\u00f3 que esta fase final se desarrollar\u00e1 mediante dos contratos: obra civil complementaria y obra mec\u00e1nica el\u00e9ctrica, con los cuales se concluir\u00e1n los espacios del complejo.<\/p>\n<p>Detall\u00f3 que el edificio cuenta con 6,300 metros cuadrados de construcci\u00f3n en dos niveles y 290 metros cuadrados destinados a una cafeter\u00eda. En la planta baja se ubicar\u00e1n juzgados familiares, patios centrales, c\u00e1maras Gesell y \u00e1reas administrativas; mientras que en la planta alta habr\u00e1 juzgados de menores y familiares, salas de audiencia, as\u00ed como espacios para justicia y atenci\u00f3n a adolescentes, adem\u00e1s de mecanismos alternativos de soluci\u00f3n de conflictos.<\/p>\n<p>Asimismo, explic\u00f3 que, como parte de las obras complementarias, se contempla la cafeter\u00eda, la cual contar\u00e1 con \u00e1reas de preparaci\u00f3n y servicio, sanitarios y capacidad para 96 personas.<\/p>\n<p>En este sentido, dijo, el Gobierno del Estado refrenda su compromiso de consolidar un sistema judicial moderno, eficiente y cercano a la ciudadan\u00eda, mediante el impulso de proyectos que garanticen espacios dignos para la impartici\u00f3n y procuraci\u00f3n de justicia.<\/p>\n","protected":false},"excerpt":{"rendered":"<p>Ciudad Victoria, Tamaulipas.-Una inversi\u00f3n de 125 millones de pesos para la \u00faltima etapa de construcci\u00f3n de la Ciudad Judicial, fue confirmada por el gobernador Am\u00e9rico Villarreal Anaya, durante la ceremonia de honores a los s\u00edmbolos patrios, celebrada en la explanada del Supremo Tribunal de Justicia. As\u00ed lo se\u00f1al\u00f3 el secretario de Obras P\u00fablicas, Pedro Cepeda [&hellip;]<\/p>\n","protected":false},"author":4,"featured_media":21944,"comment_status":"closed","ping_status":"closed","sticky":false,"template":"","format":"standard","meta":{"footnotes":""},"categories":[3],"tags":[],"class_list":["post-21943","post","type-post","status-publish","format-standard","has-post-thumbnail","hentry","category-victoria"],"_links":{"self":[{"href":"https:\/\/conexiontotal.press\/index.php\/wp-json\/wp\/v2\/posts\/21943","targetHints":{"allow":["GET"]}}],"collection":[{"href":"https:\/\/conexiontotal.press\/index.php\/wp-json\/wp\/v2\/posts"}],"about":[{"href":"https:\/\/conexiontotal.press\/index.php\/wp-json\/wp\/v2\/types\/post"}],"author":[{"embeddable":true,"href":"https:\/\/conexiontotal.press\/index.php\/wp-json\/wp\/v2\/users\/4"}],"replies":[{"embeddable":true,"href":"https:\/\/conexiontotal.press\/index.php\/wp-json\/wp\/v2\/comments?post=21943"}],"version-history":[{"count":1,"href":"https:\/\/conexiontotal.press\/index.php\/wp-json\/wp\/v2\/posts\/21943\/revisions"}],"predecessor-version":[{"id":21945,"href":"https:\/\/conexiontotal.press\/index.php\/wp-json\/wp\/v2\/posts\/21943\/revisions\/21945"}],"wp:featuredmedia":[{"embeddable":true,"href":"https:\/\/conexiontotal.press\/index.php\/wp-json\/wp\/v2\/media\/21944"}],"wp:attachment":[{"href":"https:\/\/conexiontotal.press\/index.php\/wp-json\/wp\/v2\/media?parent=21943"}],"wp:term":[{"taxonomy":"category","embeddable":true,"href":"https:\/\/conexiontotal.press\/index.php\/wp-json\/wp\/v2\/categories?post=21943"},{"taxonomy":"post_tag","embeddable":true,"href":"https:\/\/conexiontotal.press\/index.php\/wp-json\/wp\/v2\/tags?post=21943"}],"curies":[{"name":"wp","href":"https:\/\/api.w.org\/{rel}","templated":true}]}}