{"id":21964,"date":"2026-04-27T08:47:28","date_gmt":"2026-04-27T14:47:28","guid":{"rendered":"https:\/\/conexiontotal.press\/?p=21964"},"modified":"2026-04-28T08:47:38","modified_gmt":"2026-04-28T14:47:38","slug":"educacion-humanista-busca-una-sociedad-mas-justa-americo","status":"publish","type":"post","link":"https:\/\/conexiontotal.press\/index.php\/2026\/04\/27\/educacion-humanista-busca-una-sociedad-mas-justa-americo\/","title":{"rendered":"Educaci\u00f3n humanista busca una sociedad m\u00e1s justa: Am\u00e9rico"},"content":{"rendered":"<p>Ciudad Victoria, Tamaulipas.- Construir entre todos una sociedad cada vez m\u00e1s justa para que todos podamos progresar es el objetivo del modelo de educaci\u00f3n que hoy tienen los gobiernos humanistas de la transformaci\u00f3n, afirm\u00f3 el gobernador Am\u00e9rico Villarreal Anaya.<\/p>\n<p>Durante la Ceremonia C\u00edvica de Honores, en la escuela primaria Rep\u00fablica de M\u00e9xico, el gobernador entreg\u00f3 obras por m\u00e1s de 4 mdp y dio el banderazo de salida a camiones con 700 pupitres y 1,400 latas de pintura que se entregar\u00e1n en los planteles escolares de los 43 municipios.<\/p>\n<p>&#8220;Que disfruten ustedes de esta ni\u00f1ez, que es lo m\u00e1s importante que tenemos los adultos, y verlos crecer sanos, y verlos crecer fuertes, y verlos crecer con mucho conocimiento para que en un futuro sean y contribuyan ustedes tambi\u00e9n al desarrollo de este gran estado&#8221;, expres\u00f3.<\/p>\n<p>El mandatario estatal destac\u00f3 tambi\u00e9n los programas de apoyo de \u00fatiles escolares, las becas, la entrega de libros de texto gratuitos, los cuidados a la salud de las ni\u00f1as y ni\u00f1os y la capacitaci\u00f3n permanente de las y los maestros.<\/p>\n<p>Al t\u00e9rmino de la ceremonia c\u00edvica, presidi\u00f3 adem\u00e1s la demostraci\u00f3n de la rutina del equipo de salto de cuerda \u201cLos Chapulines\u201d, ganadores de la etapa municipal, quienes asistir\u00e1n a la etapa regional a finales de mayo en Tula.<\/p>\n<p>En el evento, el secretario de Educaci\u00f3n, Miguel \u00c1ngel Valdez Garc\u00eda, expres\u00f3 que, adem\u00e1s de las obras de infraestructura que hoy se entregan, el gobernador tambi\u00e9n enviar\u00e1 este d\u00eda el nuevo escudo de Tamaulipas a todas las escuelas.<\/p>\n<p>&#8220;Termino diciendo la frase que acu\u00f1\u00f3 hace un mes y medio la presidenta de M\u00e9xico, la doctora Claudia Sheinbaum Pardo, y eso el gobernador hoy lo est\u00e1 haciendo realidad&#8221;, dijo en un evento p\u00fablico: \u201cLa educaci\u00f3n es el coraz\u00f3n de la transformaci\u00f3n&#8221;, indic\u00f3.<\/p>\n<p>Al dar la bienvenida, el director de la escuela Rep\u00fablica de M\u00e9xico, Emmanuel de la Garza Garc\u00eda, agradeci\u00f3 todo el apoyo del gobernador y su respuesta a las peticiones planteadas, haciendo realidad el contar ahora con material deportivo, una cancha digna, la musicalizaci\u00f3n del himno de la escuela, pintura para el plantel y mobiliario escolar, adem\u00e1s de una unidad de ba\u00f1os para ni\u00f1as y ni\u00f1os y la terminaci\u00f3n y equipamiento de un aula escolar.<\/p>\n<p>&#8220;Hoy, con gratitud y mucha satisfacci\u00f3n, podemos decir que esos compromisos han sido cumplidos&#8221;, mencion\u00f3.<\/p>\n<p>Acompa\u00f1aron al gobernador: Arnulfo Rodr\u00edguez Trevi\u00f1o, secretario general de la Secci\u00f3n 30 del SNTE; Tania Gisela Contreras L\u00f3pez, magistrada presidenta del Supremo Tribunal de Justicia; el diputado Sergio Ojeda Castillo, presidente de la Mesa Directiva del Congreso del Estado, y el alumno Santiago Alonso Barr\u00f3n Reyna.<\/p>\n","protected":false},"excerpt":{"rendered":"<p>Ciudad Victoria, Tamaulipas.- Construir entre todos una sociedad cada vez m\u00e1s justa para que todos podamos progresar es el objetivo del modelo de educaci\u00f3n que hoy tienen los gobiernos humanistas de la transformaci\u00f3n, afirm\u00f3 el gobernador Am\u00e9rico Villarreal Anaya. Durante la Ceremonia C\u00edvica de Honores, en la escuela primaria Rep\u00fablica de M\u00e9xico, el gobernador entreg\u00f3 [&hellip;]<\/p>\n","protected":false},"author":4,"featured_media":21965,"comment_status":"closed","ping_status":"closed","sticky":false,"template":"","format":"standard","meta":{"footnotes":""},"categories":[3],"tags":[],"class_list":["post-21964","post","type-post","status-publish","format-standard","has-post-thumbnail","hentry","category-victoria"],"_links":{"self":[{"href":"https:\/\/conexiontotal.press\/index.php\/wp-json\/wp\/v2\/posts\/21964","targetHints":{"allow":["GET"]}}],"collection":[{"href":"https:\/\/conexiontotal.press\/index.php\/wp-json\/wp\/v2\/posts"}],"about":[{"href":"https:\/\/conexiontotal.press\/index.php\/wp-json\/wp\/v2\/types\/post"}],"author":[{"embeddable":true,"href":"https:\/\/conexiontotal.press\/index.php\/wp-json\/wp\/v2\/users\/4"}],"replies":[{"embeddable":true,"href":"https:\/\/conexiontotal.press\/index.php\/wp-json\/wp\/v2\/comments?post=21964"}],"version-history":[{"count":1,"href":"https:\/\/conexiontotal.press\/index.php\/wp-json\/wp\/v2\/posts\/21964\/revisions"}],"predecessor-version":[{"id":21966,"href":"https:\/\/conexiontotal.press\/index.php\/wp-json\/wp\/v2\/posts\/21964\/revisions\/21966"}],"wp:featuredmedia":[{"embeddable":true,"href":"https:\/\/conexiontotal.press\/index.php\/wp-json\/wp\/v2\/media\/21965"}],"wp:attachment":[{"href":"https:\/\/conexiontotal.press\/index.php\/wp-json\/wp\/v2\/media?parent=21964"}],"wp:term":[{"taxonomy":"category","embeddable":true,"href":"https:\/\/conexiontotal.press\/index.php\/wp-json\/wp\/v2\/categories?post=21964"},{"taxonomy":"post_tag","embeddable":true,"href":"https:\/\/conexiontotal.press\/index.php\/wp-json\/wp\/v2\/tags?post=21964"}],"curies":[{"name":"wp","href":"https:\/\/api.w.org\/{rel}","templated":true}]}}