{"id":21973,"date":"2026-04-29T15:08:34","date_gmt":"2026-04-29T21:08:34","guid":{"rendered":"https:\/\/conexiontotal.press\/?p=21973"},"modified":"2026-04-29T15:08:34","modified_gmt":"2026-04-29T21:08:34","slug":"acusa-estados-unidos-de-narcotrafico-al-gobernador-de-sinaloa","status":"publish","type":"post","link":"https:\/\/conexiontotal.press\/index.php\/2026\/04\/29\/acusa-estados-unidos-de-narcotrafico-al-gobernador-de-sinaloa\/","title":{"rendered":"Acusa Estados Unidos de narcotr\u00e1fico al gobernador de Sinaloa"},"content":{"rendered":"<p>Staff<\/p>\n<p>Estados Unidos present\u00f3 cargos por narcotr\u00e1fico contra Rub\u00e9n Rocha Moya, gobernador del estado de Sinaloa, por presunta colusi\u00f3n con el C\u00e1rtel de Sinaloa, espec\u00edficamente con la facci\u00f3n conocida como \u201cLos Chapitos\u201d, liderada por los hijos de Joaqu\u00edn \u201cEl Chapo\u201d Guzm\u00e1n Loera.<\/p>\n<p>El fiscal federal del Distrito Sur de Nueva York, Jay Clayton, y el administrador de la DEA, Terrance C. Cole, anunciaron la apertura de la acusaci\u00f3n formal contra Rocha Moya y funcionarios de su entorno pol\u00edtico. La acusaci\u00f3n describe a los imputados como funcionarios de alto rango, en activo o exfuncionarios, del gobierno y las fuerzas del orden de Sinaloa, acusados de asociarse con el c\u00e1rtel para introducir narc\u00f3ticos a Estados Unidos en grandes cantidades.<\/p>\n<p>El caso qued\u00f3 asignado a la jueza federal Katherine Polk Failla.<\/p>\n<p>Junto a Rocha Moya, fueron acusados Enrique Inzunza Cazarez, Enrique D\u00edaz Vega, D\u00e1maso Castro Zaavedra, Marco Antonio Almanza Avil\u00e9s, Alberto Jorge Contreras N\u00fa\u00f1ez, Gerardo M\u00e9rida S\u00e1nchez, Jos\u00e9 Antonio Dionisio Hip\u00f3lito, Juan de Dios G\u00e1mez Mend\u00edvil y Juan Valenzuela Mill\u00e1n<\/p>\n","protected":false},"excerpt":{"rendered":"<p>Staff Estados Unidos present\u00f3 cargos por narcotr\u00e1fico contra Rub\u00e9n Rocha Moya, gobernador del estado de Sinaloa, por presunta colusi\u00f3n con el C\u00e1rtel de Sinaloa, espec\u00edficamente con la facci\u00f3n conocida como \u201cLos Chapitos\u201d, liderada por los hijos de Joaqu\u00edn \u201cEl Chapo\u201d Guzm\u00e1n Loera. El fiscal federal del Distrito Sur de Nueva York, Jay Clayton, y el [&hellip;]<\/p>\n","protected":false},"author":4,"featured_media":21974,"comment_status":"closed","ping_status":"closed","sticky":false,"template":"","format":"standard","meta":{"footnotes":""},"categories":[12],"tags":[],"class_list":["post-21973","post","type-post","status-publish","format-standard","has-post-thumbnail","hentry","category-mexico"],"_links":{"self":[{"href":"https:\/\/conexiontotal.press\/index.php\/wp-json\/wp\/v2\/posts\/21973","targetHints":{"allow":["GET"]}}],"collection":[{"href":"https:\/\/conexiontotal.press\/index.php\/wp-json\/wp\/v2\/posts"}],"about":[{"href":"https:\/\/conexiontotal.press\/index.php\/wp-json\/wp\/v2\/types\/post"}],"author":[{"embeddable":true,"href":"https:\/\/conexiontotal.press\/index.php\/wp-json\/wp\/v2\/users\/4"}],"replies":[{"embeddable":true,"href":"https:\/\/conexiontotal.press\/index.php\/wp-json\/wp\/v2\/comments?post=21973"}],"version-history":[{"count":1,"href":"https:\/\/conexiontotal.press\/index.php\/wp-json\/wp\/v2\/posts\/21973\/revisions"}],"predecessor-version":[{"id":21975,"href":"https:\/\/conexiontotal.press\/index.php\/wp-json\/wp\/v2\/posts\/21973\/revisions\/21975"}],"wp:featuredmedia":[{"embeddable":true,"href":"https:\/\/conexiontotal.press\/index.php\/wp-json\/wp\/v2\/media\/21974"}],"wp:attachment":[{"href":"https:\/\/conexiontotal.press\/index.php\/wp-json\/wp\/v2\/media?parent=21973"}],"wp:term":[{"taxonomy":"category","embeddable":true,"href":"https:\/\/conexiontotal.press\/index.php\/wp-json\/wp\/v2\/categories?post=21973"},{"taxonomy":"post_tag","embeddable":true,"href":"https:\/\/conexiontotal.press\/index.php\/wp-json\/wp\/v2\/tags?post=21973"}],"curies":[{"name":"wp","href":"https:\/\/api.w.org\/{rel}","templated":true}]}}