{"id":22034,"date":"2026-04-21T13:03:05","date_gmt":"2026-04-21T19:03:05","guid":{"rendered":"https:\/\/conexiontotal.press\/?p=22034"},"modified":"2026-05-02T13:03:13","modified_gmt":"2026-05-02T19:03:13","slug":"la-uat-sera-sede-del-congreso-nacional-e-internacional-de-trabajo-social","status":"publish","type":"post","link":"https:\/\/conexiontotal.press\/index.php\/2026\/04\/21\/la-uat-sera-sede-del-congreso-nacional-e-internacional-de-trabajo-social\/","title":{"rendered":"La UAT ser\u00e1 sede del Congreso Nacional e Internacional de Trabajo Social"},"content":{"rendered":"<p><span data-contrast=\"auto\">Con el fin de analizar los desaf\u00edos sociales contempor\u00e1neos y proponer soluciones innovadoras, la Universidad Aut\u00f3noma de Tamaulipas (UAT) ser\u00e1 sede del LXIII Congreso Nacional y XIII Internacional de Trabajo Social, que se llevar\u00e1 a cabo del 7 al 9 de mayo de 2026 en el Campus Victoria.<\/span><span data-ccp-props=\"{&quot;201341983&quot;:0,&quot;335551550&quot;:6,&quot;335551620&quot;:6,&quot;335559740&quot;:360}\">\u00a0<\/span><\/p>\n<p><span data-contrast=\"auto\">La Dra. Blanca Guadalupe Cid de Le\u00f3n Bujanos, directora de la Unidad Acad\u00e9mica de Trabajo Social y Ciencias para el Desarrollo Humano (UATSCDH), inform\u00f3 que este encuentro se organiza con el respaldo del rector de la UAT, D\u00e1maso Anaya Alvarado y la colaboraci\u00f3n de la Asociaci\u00f3n Mexicana de Escuelas de Trabajo Social (AMIETS).\u00a0<\/span><span data-ccp-props=\"{&quot;201341983&quot;:0,&quot;335551550&quot;:6,&quot;335551620&quot;:6,&quot;335559740&quot;:360}\">\u00a0<\/span><\/p>\n<p><span data-contrast=\"auto\">Indic\u00f3 que, bajo el lema &#8220;Derechos Sociales, Bienestar y Buen Vivir&#8221;, el evento busca fortalecer el impacto de la profesi\u00f3n en la reconstrucci\u00f3n del tejido social, donde se contar\u00e1 con la participaci\u00f3n de especialistas nacionales e internacionales.<\/span><span data-ccp-props=\"{&quot;201341983&quot;:0,&quot;335551550&quot;:6,&quot;335551620&quot;:6,&quot;335559740&quot;:360}\">\u00a0<\/span><\/p>\n<p><span data-contrast=\"auto\">En ese contexto, destac\u00f3 la importancia de profundizar en las necesidades y las problem\u00e1ticas principales de la sociedad \u201cpara poder contribuir a que el tejido social realmente sea impactado, con lo que nosotros tenemos como parte de la formaci\u00f3n acad\u00e9mica\u201d, se\u00f1al\u00f3.<\/span><span data-ccp-props=\"{&quot;201341983&quot;:0,&quot;335551550&quot;:6,&quot;335551620&quot;:6,&quot;335559740&quot;:360}\">\u00a0<\/span><\/p>\n<p><span data-contrast=\"auto\">Explic\u00f3 que esta disciplina ha evolucionado de manera importante con el paso de los a\u00f1os, y recalc\u00f3 la trascendencia de impulsar estos congresos acad\u00e9micos y de investigaci\u00f3n para involucrar a los futuros profesionales en las nuevas tendencias, as\u00ed como con el estudio y estrategias que ser\u00e1n claves para afrontar las problem\u00e1ticas que afectan a la sociedad.<\/span><span data-ccp-props=\"{&quot;201341983&quot;:0,&quot;335551550&quot;:6,&quot;335551620&quot;:6,&quot;335559740&quot;:360}\">\u00a0<\/span><\/p>\n<p><span data-contrast=\"auto\">La directora Blanca Guadalupe Cid de Le\u00f3n inform\u00f3 que se ha convocado la participaci\u00f3n de especialistas, acad\u00e9micos y profesionales del trabajo social y otras \u00e1reas, con la finalidad de crear un espacio para el intercambio de experiencias que enriquecer\u00e1n la formaci\u00f3n universitaria del alumnado.<\/span><span data-ccp-props=\"{&quot;201341983&quot;:0,&quot;335551550&quot;:6,&quot;335551620&quot;:6,&quot;335559740&quot;:360}\">\u00a0<\/span><\/p>\n<p><span data-contrast=\"auto\">Indic\u00f3 que, en referencia a las tem\u00e1ticas de este encuentro, la instituci\u00f3n ha venido trabajando de manera permanente con otras facultades de diferentes universidades del pa\u00eds, adem\u00e1s de publicar libros y otros productos acad\u00e9micos que se estar\u00e1n exponiendo durante los eventos.<\/span><span data-ccp-props=\"{&quot;201341983&quot;:0,&quot;335551550&quot;:6,&quot;335551620&quot;:6,&quot;335559740&quot;:360}\">\u00a0<\/span><\/p>\n<p><span data-contrast=\"auto\">Finalmente, agradeci\u00f3 al rector D\u00e1maso Anaya por su apoyo incondicional, su respaldo y el compromiso para que se lleve este importante encuentro acad\u00e9mico que, sin duda, contribuir\u00e1 al fortalecimiento de la formaci\u00f3n profesional y el impulso del trabajo social en Tamaulipas y M\u00e9xico.<\/span><span data-ccp-props=\"{&quot;201341983&quot;:0,&quot;335551550&quot;:6,&quot;335551620&quot;:6,&quot;335559740&quot;:360}\">\u00a0<\/span><\/p>\n<p><span data-ccp-props=\"{&quot;201341983&quot;:0,&quot;335551550&quot;:6,&quot;335551620&quot;:6,&quot;335559740&quot;:360}\">\u00a0<\/span><\/p>\n","protected":false},"excerpt":{"rendered":"<p>Con el fin de analizar los desaf\u00edos sociales contempor\u00e1neos y proponer soluciones innovadoras, la Universidad Aut\u00f3noma de Tamaulipas (UAT) ser\u00e1 sede del LXIII Congreso Nacional y XIII Internacional de Trabajo Social, que se llevar\u00e1 a cabo del 7 al 9 de mayo de 2026 en el Campus Victoria.\u00a0 La Dra. Blanca Guadalupe Cid de Le\u00f3n [&hellip;]<\/p>\n","protected":false},"author":4,"featured_media":22035,"comment_status":"closed","ping_status":"closed","sticky":false,"template":"","format":"standard","meta":{"footnotes":""},"categories":[3],"tags":[],"class_list":["post-22034","post","type-post","status-publish","format-standard","has-post-thumbnail","hentry","category-victoria"],"_links":{"self":[{"href":"https:\/\/conexiontotal.press\/index.php\/wp-json\/wp\/v2\/posts\/22034","targetHints":{"allow":["GET"]}}],"collection":[{"href":"https:\/\/conexiontotal.press\/index.php\/wp-json\/wp\/v2\/posts"}],"about":[{"href":"https:\/\/conexiontotal.press\/index.php\/wp-json\/wp\/v2\/types\/post"}],"author":[{"embeddable":true,"href":"https:\/\/conexiontotal.press\/index.php\/wp-json\/wp\/v2\/users\/4"}],"replies":[{"embeddable":true,"href":"https:\/\/conexiontotal.press\/index.php\/wp-json\/wp\/v2\/comments?post=22034"}],"version-history":[{"count":1,"href":"https:\/\/conexiontotal.press\/index.php\/wp-json\/wp\/v2\/posts\/22034\/revisions"}],"predecessor-version":[{"id":22036,"href":"https:\/\/conexiontotal.press\/index.php\/wp-json\/wp\/v2\/posts\/22034\/revisions\/22036"}],"wp:featuredmedia":[{"embeddable":true,"href":"https:\/\/conexiontotal.press\/index.php\/wp-json\/wp\/v2\/media\/22035"}],"wp:attachment":[{"href":"https:\/\/conexiontotal.press\/index.php\/wp-json\/wp\/v2\/media?parent=22034"}],"wp:term":[{"taxonomy":"category","embeddable":true,"href":"https:\/\/conexiontotal.press\/index.php\/wp-json\/wp\/v2\/categories?post=22034"},{"taxonomy":"post_tag","embeddable":true,"href":"https:\/\/conexiontotal.press\/index.php\/wp-json\/wp\/v2\/tags?post=22034"}],"curies":[{"name":"wp","href":"https:\/\/api.w.org\/{rel}","templated":true}]}}