{"id":22948,"date":"2026-08-28T18:48:02","date_gmt":"2026-08-29T00:48:02","guid":{"rendered":"https:\/\/conexiontotal.press\/?p=22948"},"modified":"2026-09-02T18:49:47","modified_gmt":"2026-09-03T00:49:47","slug":"violencia-politica-y-digital-de-genero","status":"publish","type":"post","link":"https:\/\/conexiontotal.press\/index.php\/2026\/08\/28\/violencia-politica-y-digital-de-genero\/","title":{"rendered":"Violencia pol\u00edtica y digital de g\u00e9nero"},"content":{"rendered":"<p data-reader-unique-id=\"1\">EN PRIMERA PERSONA\/DANIELA PLATA<\/p>\n<p data-reader-unique-id=\"1\">En la antesala de las elecciones del 2027, en teor\u00eda, los espacios en las boletas aumentar\u00edan por cuota de g\u00e9nero para las mujeres. Y, de acuerdo a informaci\u00f3n de la ONU Mujeres y de la INEGI, tambi\u00e9n aumentar\u00e1n los casos de violencia digital de g\u00e9nero.<\/p>\n<p data-reader-unique-id=\"2\">Las mujeres en el servicio p\u00fablico e involucradas en la pol\u00edtica son un blanco recurrente para recibir ataques mediante perfiles falsos, o por el equipo de trabajo de otros aspirantes, mediante \u2018granjas de bots\u2019, en un af\u00e1n de deslegitimar su trabajo mediante calumnias, amenazas directas y el uso de inteligencia artificial generativa (como im\u00e1genes alteradas o deepfakes) para da\u00f1ar su imagen personal y profesional.<\/p>\n<p data-reader-unique-id=\"5\">La presidenta Claudia Sheinbaum, por ejemplo, ha sido v\u00edctima de que su imagen se utilice para videos e im\u00e1genes alterados con la IA, degradando su imagen. Sin la suficiente regulaci\u00f3n para este tipo de contenido en internet, es pr\u00e1cticamente imposible garantizar el respeto a las mujeres que estar\u00e1n buscando un cargo p\u00fablico en el 2027, para que sea una contienda sana, democr\u00e1tica, y que cualquier tipo de informaci\u00f3n sea verificada antes de estar circulando en la nube.<\/p>\n<p data-reader-unique-id=\"6\">La elecci\u00f3n del 2027 ser\u00e1 hist\u00f3rica por el hecho de que m\u00e1s mujeres buscar\u00e1n un lugar en cargos pol\u00edticos. Surge, como interrogante, si estar\u00e1n protegidas las futuras candidatas a elecci\u00f3n popular, de ciberataques y campa\u00f1as de desprestigio que ya imperan en casi todas las plataformas de redes sociales, a pesar de que, en M\u00e9xico, este tipo de actos se clasifican y sancionan bajo el concepto de Violencia Pol\u00edtica contra las Mujeres en Raz\u00f3n de G\u00e9nero, tendr\u00e1 la respuesta oportuna y a tiempo de las autoridades para cuando estas situaciones lleguen.<\/p>\n<p data-reader-unique-id=\"9\">Como mujeres, no pisamos un suelo parejo. Por el simple hecho de serlo, ya nos deja en desventaja. Ante este tipo de ataques, no solo se nos cuestiona nuestra capacidad para trabajar, se nos cuestiona c\u00f3mo vestimos, c\u00f3mo nos comportamos, y qu\u00e9 tipo de relaciones llevamos, lo que nos deja en entorno de exposici\u00f3n y vulnerabilidad, alimentada por otros aspirantes, sus partidos pol\u00edticos, partidarios y equipos de trabajo.<\/p>\n<p data-reader-unique-id=\"10\">Desde la autoridad, urgen medidas que garanticen que los ciberataques y las campa\u00f1as de desprestigio para futuras candidatas sean sancionadas, y que el discurso no quede en el aire. Para poder garantizar la paridad, tenemos que empezar desde antes de ocupar el cargo. Tiene que ser un proceso electoral que ponga en igualdad de oportunidad de hacer campa\u00f1as, con las mismas condiciones para candidatas como para los candidatos.<\/p>\n","protected":false},"excerpt":{"rendered":"<p>EN PRIMERA PERSONA\/DANIELA PLATA En la antesala de las elecciones del 2027, en teor\u00eda, los espacios en las boletas aumentar\u00edan por cuota de g\u00e9nero para las mujeres. Y, de acuerdo a informaci\u00f3n de la ONU Mujeres y de la INEGI, tambi\u00e9n aumentar\u00e1n los casos de violencia digital de g\u00e9nero. Las mujeres en el servicio p\u00fablico [&hellip;]<\/p>\n","protected":false},"author":4,"featured_media":22949,"comment_status":"closed","ping_status":"closed","sticky":false,"template":"","format":"standard","meta":{"footnotes":""},"categories":[23],"tags":[],"class_list":["post-22948","post","type-post","status-publish","format-standard","has-post-thumbnail","hentry","category-opinion"],"_links":{"self":[{"href":"https:\/\/conexiontotal.press\/index.php\/wp-json\/wp\/v2\/posts\/22948","targetHints":{"allow":["GET"]}}],"collection":[{"href":"https:\/\/conexiontotal.press\/index.php\/wp-json\/wp\/v2\/posts"}],"about":[{"href":"https:\/\/conexiontotal.press\/index.php\/wp-json\/wp\/v2\/types\/post"}],"author":[{"embeddable":true,"href":"https:\/\/conexiontotal.press\/index.php\/wp-json\/wp\/v2\/users\/4"}],"replies":[{"embeddable":true,"href":"https:\/\/conexiontotal.press\/index.php\/wp-json\/wp\/v2\/comments?post=22948"}],"version-history":[{"count":1,"href":"https:\/\/conexiontotal.press\/index.php\/wp-json\/wp\/v2\/posts\/22948\/revisions"}],"predecessor-version":[{"id":22950,"href":"https:\/\/conexiontotal.press\/index.php\/wp-json\/wp\/v2\/posts\/22948\/revisions\/22950"}],"wp:featuredmedia":[{"embeddable":true,"href":"https:\/\/conexiontotal.press\/index.php\/wp-json\/wp\/v2\/media\/22949"}],"wp:attachment":[{"href":"https:\/\/conexiontotal.press\/index.php\/wp-json\/wp\/v2\/media?parent=22948"}],"wp:term":[{"taxonomy":"category","embeddable":true,"href":"https:\/\/conexiontotal.press\/index.php\/wp-json\/wp\/v2\/categories?post=22948"},{"taxonomy":"post_tag","embeddable":true,"href":"https:\/\/conexiontotal.press\/index.php\/wp-json\/wp\/v2\/tags?post=22948"}],"curies":[{"name":"wp","href":"https:\/\/api.w.org\/{rel}","templated":true}]}}