{"id":22955,"date":"2026-08-21T19:51:09","date_gmt":"2026-08-22T01:51:09","guid":{"rendered":"https:\/\/conexiontotal.press\/?p=22955"},"modified":"2026-09-02T19:51:36","modified_gmt":"2026-09-03T01:51:36","slug":"impulsa-la-uat-el-talento-cientifico-con-el-concurso-tesis-en-3-minutos","status":"publish","type":"post","link":"https:\/\/conexiontotal.press\/index.php\/2026\/08\/21\/impulsa-la-uat-el-talento-cientifico-con-el-concurso-tesis-en-3-minutos\/","title":{"rendered":"Impulsa la UAT el talento cient\u00edfico con el concurso \u201cTesis en 3 Minutos\u201d"},"content":{"rendered":"<ul>\n<li aria-setsize=\"-1\" data-leveltext=\"\uf0b7\" data-font=\"Symbol\" data-listid=\"5\" data-list-defn-props=\"{&quot;335551671&quot;:0,&quot;335552541&quot;:1,&quot;335559685&quot;:720,&quot;335559991&quot;:360,&quot;469769226&quot;:&quot;Symbol&quot;,&quot;469769242&quot;:[8226],&quot;469777803&quot;:&quot;left&quot;,&quot;469777804&quot;:&quot;\uf0b7&quot;,&quot;469777815&quot;:&quot;hybridMultilevel&quot;}\" data-aria-posinset=\"0\" data-aria-level=\"1\"><i><span data-contrast=\"auto\">El certamen, organizado por la Secretar\u00eda de Investigaci\u00f3n y Posgrado, reuni\u00f3 a m\u00e1s de 100 estudiantes de licenciatura, maestr\u00eda y doctorado.<\/span><\/i><span data-ccp-props=\"{&quot;201341983&quot;:0,&quot;335559740&quot;:360}\">\u00a0<\/span><\/li>\n<\/ul>\n<p><span data-contrast=\"auto\">Con el prop\u00f3sito de fomentar el desarrollo acad\u00e9mico y fortalecer las habilidades de comunicaci\u00f3n y divulgaci\u00f3n cient\u00edfica en la comunidad estudiantil, la Universidad Aut\u00f3noma de Tamaulipas (UAT) realiz\u00f3 por primera vez el concurso \u201cTesis en 3 Minutos\u201d (3MT).<\/span><span data-ccp-props=\"{&quot;201341983&quot;:0,&quot;335551550&quot;:6,&quot;335551620&quot;:6,&quot;335559740&quot;:360}\">\u00a0<\/span><\/p>\n<p><span data-contrast=\"auto\">Coordinado por la Secretar\u00eda de Investigaci\u00f3n y Posgrado de la UAT, el certamen registr\u00f3 una destacada convocatoria inicial de m\u00e1s de 100 estudiantes de licenciatura, maestr\u00eda y doctorado, pertenecientes a diversas facultades y unidades acad\u00e9micas de todos los campus en la entidad.\u00a0<\/span><span data-ccp-props=\"{&quot;201341983&quot;:0,&quot;335551550&quot;:6,&quot;335551620&quot;:6,&quot;335559740&quot;:360}\">\u00a0<\/span><\/p>\n<p><span data-contrast=\"auto\">La fase final tuvo lugar de manera presencial este 21 de agosto, en el Auditorio de la Facultad de Comercio y Administraci\u00f3n Victoria (FCAV), congregando a autoridades universitarias, responsables de posgrado, coordinadores de programas educativos y directores de tesis.<\/span><span data-ccp-props=\"{&quot;201341983&quot;:0,&quot;335551550&quot;:6,&quot;335551620&quot;:6,&quot;335559740&quot;:360}\">\u00a0<\/span><\/p>\n<p><span data-contrast=\"auto\">Al respecto, la Dra. Evelia Res\u00e9ndiz Balderas, encargada de Despacho de la Secretar\u00eda de Investigaci\u00f3n y Posgrado, destac\u00f3 que este tipo de iniciativas responden directamente a las pol\u00edticas de impulso al talento promovidas por el rector D\u00e1maso Anaya Alvarado, orientadas a consolidar la divulgaci\u00f3n cient\u00edfica y la formaci\u00f3n integral del alumnado.\u00a0<\/span><span data-ccp-props=\"{&quot;201341983&quot;:0,&quot;335551550&quot;:6,&quot;335551620&quot;:6,&quot;335559740&quot;:360}\">\u00a0<\/span><\/p>\n<p><span data-contrast=\"auto\">Para esta etapa final, y mediante un proceso riguroso y ordenado, el certamen se desarroll\u00f3 en una etapa de selecci\u00f3n de forma virtual en las zonas norte, centro y sur del estado, lo que permiti\u00f3 dar cobertura y facilidades de participaci\u00f3n a la comunidad acad\u00e9mica de los distintos campus de la Universidad.<\/span><span data-ccp-props=\"{&quot;201341983&quot;:0,&quot;335551550&quot;:6,&quot;335551620&quot;:6,&quot;335559740&quot;:360}\">\u00a0<\/span><\/p>\n<p><span data-contrast=\"auto\">Para otorgar certeza y objetividad, el jurado evaluador estuvo integrado por especialistas externos a la planta docente participante: la Dra. Celia Reyes Anaya, directora de la UPN Victoria; la CP Sof\u00eda Rinc\u00f3n Vanoye, vicepresidenta de Mujeres Empresarias de Canaco Victoria; y el Ing. Jos\u00e9 Torres Alexanderson, director de Comunicaci\u00f3n e Identidad Institucional.<\/span><span data-ccp-props=\"{&quot;201341983&quot;:0,&quot;335551550&quot;:6,&quot;335551620&quot;:6,&quot;335559740&quot;:360}\">\u00a0<\/span><\/p>\n<p><span data-contrast=\"auto\">Tras sintetizar sus investigaciones en solo 180 segundos, se anunciaron a los ganadores: en licenciatura triunf\u00f3 Alma Itzel Torres Parra (1.\u00ba) y Miranda Paola Gonz\u00e1lez (2.\u00ba); en maestr\u00eda, Juan Said Hern\u00e1ndez Mart\u00ednez (1.\u00ba) y un empate en segundo lugar entre Jos\u00e9 Esteban Lara Salinas y Kimberly Flores Barajas; mientras que en doctorado el primer lugar fue para Christian Amaury Ramos Crespo, seguido de Luis Ignacio Hern\u00e1ndez Gonz\u00e1lez (2.\u00ba).<\/span><span data-ccp-props=\"{&quot;201341983&quot;:0,&quot;335551550&quot;:6,&quot;335551620&quot;:6,&quot;335559740&quot;:360}\">\u00a0<\/span><\/p>\n<p><span data-contrast=\"auto\">Con este triunfo, Christian Ramos, alumno del Doctorado en Ciencias en Sanidad y Producci\u00f3n Animal de la FMVZ, representar\u00e1 a la UAT en el certamen nacional coordinado por el COMEPO este 25 de septiembre, en Tijuana, Baja California.\u00a0<\/span><span data-ccp-props=\"{&quot;201341983&quot;:0,&quot;335551550&quot;:6,&quot;335551620&quot;:6,&quot;335559740&quot;:360}\">\u00a0<\/span><\/p>\n<p><span data-contrast=\"auto\">Asesorado por la Dra. Yuridia Bautista Mart\u00ednez, el estudiante present\u00f3 una propuesta sobre el valor nutricional del fruto de <\/span><i><span data-contrast=\"auto\">Enterolobium cyclocarpum<\/span><\/i><span data-contrast=\"auto\"> en la avicultura regional, contando con el respaldo t\u00e9cnico y log\u00edstico de la Secretar\u00eda de Investigaci\u00f3n y Posgrado para la etapa nacional.<\/span><span data-ccp-props=\"{&quot;201341983&quot;:0,&quot;335551550&quot;:6,&quot;335551620&quot;:6,&quot;335559740&quot;:360}\">\u00a0<\/span><\/p>\n<p><span data-ccp-props=\"{&quot;201341983&quot;:0,&quot;335551550&quot;:6,&quot;335551620&quot;:6,&quot;335559740&quot;:360}\">\u00a0<\/span><\/p>\n<p><span data-ccp-props=\"{&quot;201341983&quot;:0,&quot;335551550&quot;:6,&quot;335551620&quot;:6,&quot;335559740&quot;:360}\">\u00a0<\/span><\/p>\n","protected":false},"excerpt":{"rendered":"<p>El certamen, organizado por la Secretar\u00eda de Investigaci\u00f3n y Posgrado, reuni\u00f3 a m\u00e1s de 100 estudiantes de licenciatura, maestr\u00eda y doctorado.\u00a0 Con el prop\u00f3sito de fomentar el desarrollo acad\u00e9mico y fortalecer las habilidades de comunicaci\u00f3n y divulgaci\u00f3n cient\u00edfica en la comunidad estudiantil, la Universidad Aut\u00f3noma de Tamaulipas (UAT) realiz\u00f3 por primera vez el concurso \u201cTesis [&hellip;]<\/p>\n","protected":false},"author":4,"featured_media":22956,"comment_status":"closed","ping_status":"closed","sticky":false,"template":"","format":"standard","meta":{"footnotes":""},"categories":[3],"tags":[],"class_list":["post-22955","post","type-post","status-publish","format-standard","has-post-thumbnail","hentry","category-victoria"],"_links":{"self":[{"href":"https:\/\/conexiontotal.press\/index.php\/wp-json\/wp\/v2\/posts\/22955","targetHints":{"allow":["GET"]}}],"collection":[{"href":"https:\/\/conexiontotal.press\/index.php\/wp-json\/wp\/v2\/posts"}],"about":[{"href":"https:\/\/conexiontotal.press\/index.php\/wp-json\/wp\/v2\/types\/post"}],"author":[{"embeddable":true,"href":"https:\/\/conexiontotal.press\/index.php\/wp-json\/wp\/v2\/users\/4"}],"replies":[{"embeddable":true,"href":"https:\/\/conexiontotal.press\/index.php\/wp-json\/wp\/v2\/comments?post=22955"}],"version-history":[{"count":1,"href":"https:\/\/conexiontotal.press\/index.php\/wp-json\/wp\/v2\/posts\/22955\/revisions"}],"predecessor-version":[{"id":22957,"href":"https:\/\/conexiontotal.press\/index.php\/wp-json\/wp\/v2\/posts\/22955\/revisions\/22957"}],"wp:featuredmedia":[{"embeddable":true,"href":"https:\/\/conexiontotal.press\/index.php\/wp-json\/wp\/v2\/media\/22956"}],"wp:attachment":[{"href":"https:\/\/conexiontotal.press\/index.php\/wp-json\/wp\/v2\/media?parent=22955"}],"wp:term":[{"taxonomy":"category","embeddable":true,"href":"https:\/\/conexiontotal.press\/index.php\/wp-json\/wp\/v2\/categories?post=22955"},{"taxonomy":"post_tag","embeddable":true,"href":"https:\/\/conexiontotal.press\/index.php\/wp-json\/wp\/v2\/tags?post=22955"}],"curies":[{"name":"wp","href":"https:\/\/api.w.org\/{rel}","templated":true}]}}