{"id":22958,"date":"2026-08-21T19:54:28","date_gmt":"2026-08-22T01:54:28","guid":{"rendered":"https:\/\/conexiontotal.press\/?p=22958"},"modified":"2026-09-02T19:54:37","modified_gmt":"2026-09-03T01:54:37","slug":"realiza-la-uat-foro-de-analisis-sobre-derechos-de-las-audiencias","status":"publish","type":"post","link":"https:\/\/conexiontotal.press\/index.php\/2026\/08\/21\/realiza-la-uat-foro-de-analisis-sobre-derechos-de-las-audiencias\/","title":{"rendered":"Realiza la UAT foro de an\u00e1lisis sobre derechos de las audiencias"},"content":{"rendered":"<p><span data-contrast=\"auto\">En el marco de la colaboraci\u00f3n universitaria y sus aportaciones al fortalecimiento del orden constitucional y la garant\u00eda de las libertades fundamentales, la Universidad Aut\u00f3noma de Tamaulipas (UAT), a trav\u00e9s de la Facultad de Derecho y Ciencias Sociales (FADYCS) del Campus Tampico, llev\u00f3 a cabo el Foro de An\u00e1lisis &#8220;Derechos de las Audiencias: An\u00e1lisis Jur\u00eddico, Constitucional y de Derechos Humanos&#8221;.<\/span><span data-ccp-props=\"{&quot;201341983&quot;:0,&quot;335551550&quot;:6,&quot;335551620&quot;:6,&quot;335559740&quot;:360}\">\u00a0<\/span><\/p>\n<p><span data-contrast=\"auto\">Consolid\u00e1ndose como un referente acad\u00e9mico en la discusi\u00f3n sobre la relaci\u00f3n entre el estado, los medios de comunicaci\u00f3n y la ciudadan\u00eda, el encuentro constituy\u00f3 un ejercicio plural y multidisciplinario orientado a examinar a profundidad los lineamientos generales para la protecci\u00f3n de los derechos de las audiencias, sus alcances e implicaciones te\u00f3ricas y pr\u00e1cticas en un entorno informativo global que demanda regulaciones \u00e9ticas y normativas s\u00f3lidas.<\/span><span data-ccp-props=\"{&quot;201341983&quot;:0,&quot;335551550&quot;:6,&quot;335551620&quot;:6,&quot;335559740&quot;:360}\">\u00a0<\/span><\/p>\n<p><span data-contrast=\"auto\">La jornada acad\u00e9mica cont\u00f3 con las ponencias de la Dra. Ana X\u00f3chitl Barrios del \u00c1ngel, el Lic. Daniel Trejo Aldape y el Lic. Juan Carlos Lozada M\u00e1rquez, destacados especialistas que aportaron visiones anal\u00edticas desde la perspectiva del derecho constitucional, el marco convencional y la defensa sustantiva de los derechos humanos.<\/span><span data-ccp-props=\"{&quot;201341983&quot;:0,&quot;335551550&quot;:6,&quot;335551620&quot;:6,&quot;335559740&quot;:360}\">\u00a0<\/span><\/p>\n<p><span data-contrast=\"auto\">Durante el desarrollo de los paneles, se abordaron aspectos centrales de la agenda p\u00fablica, tales como los l\u00edmites constitucionales de la libertad de expresi\u00f3n, la regulaci\u00f3n en materia de telecomunicaciones y radiodifusi\u00f3n, el acceso irrestricto a la informaci\u00f3n p\u00fablica, la transparencia institucional y los desaf\u00edos \u00e9ticos emergentes del ejercicio period\u00edstico frente a las plataformas digitales.<\/span><span data-ccp-props=\"{&quot;201341983&quot;:0,&quot;335551550&quot;:6,&quot;335551620&quot;:6,&quot;335559740&quot;:360}\">\u00a0<\/span><\/p>\n<p><span data-contrast=\"auto\">Realizado mediante una alianza entre la Facultad de Derecho y Ciencias Sociales de Tampico y el Colegio de Abogados, este foro reafirma la vocaci\u00f3n articuladora de la UAT con las agrupaciones profesionales y los actores sociales del estado de Tamaulipas.<\/span><span data-ccp-props=\"{&quot;201341983&quot;:0,&quot;335551550&quot;:6,&quot;335551620&quot;:6,&quot;335559740&quot;:360}\">\u00a0<\/span><\/p>\n<p><span data-contrast=\"auto\">La casa de estudios refrenda tambi\u00e9n el compromiso de ser una tribuna abierta al pensamiento cr\u00edtico, impulsando una cultura democr\u00e1tica basada en el respeto a los derechos humanos, la tutela efectiva de la ciudadan\u00eda y la consolidaci\u00f3n de un sistema informativo transparente y equilibrado.<\/span><span data-ccp-props=\"{&quot;201341983&quot;:0,&quot;335551550&quot;:6,&quot;335551620&quot;:6,&quot;335559740&quot;:360}\">\u00a0<\/span><\/p>\n<p><span data-ccp-props=\"{&quot;201341983&quot;:0,&quot;335551550&quot;:6,&quot;335551620&quot;:6,&quot;335559740&quot;:360}\">\u00a0<\/span><\/p>\n<p><span data-ccp-props=\"{&quot;201341983&quot;:0,&quot;335551550&quot;:6,&quot;335551620&quot;:6,&quot;335559740&quot;:360}\">\u00a0<\/span><\/p>\n","protected":false},"excerpt":{"rendered":"<p>En el marco de la colaboraci\u00f3n universitaria y sus aportaciones al fortalecimiento del orden constitucional y la garant\u00eda de las libertades fundamentales, la Universidad Aut\u00f3noma de Tamaulipas (UAT), a trav\u00e9s de la Facultad de Derecho y Ciencias Sociales (FADYCS) del Campus Tampico, llev\u00f3 a cabo el Foro de An\u00e1lisis &#8220;Derechos de las Audiencias: An\u00e1lisis Jur\u00eddico, [&hellip;]<\/p>\n","protected":false},"author":4,"featured_media":22959,"comment_status":"closed","ping_status":"closed","sticky":false,"template":"","format":"standard","meta":{"footnotes":""},"categories":[4],"tags":[],"class_list":["post-22958","post","type-post","status-publish","format-standard","has-post-thumbnail","hentry","category-tampico"],"_links":{"self":[{"href":"https:\/\/conexiontotal.press\/index.php\/wp-json\/wp\/v2\/posts\/22958","targetHints":{"allow":["GET"]}}],"collection":[{"href":"https:\/\/conexiontotal.press\/index.php\/wp-json\/wp\/v2\/posts"}],"about":[{"href":"https:\/\/conexiontotal.press\/index.php\/wp-json\/wp\/v2\/types\/post"}],"author":[{"embeddable":true,"href":"https:\/\/conexiontotal.press\/index.php\/wp-json\/wp\/v2\/users\/4"}],"replies":[{"embeddable":true,"href":"https:\/\/conexiontotal.press\/index.php\/wp-json\/wp\/v2\/comments?post=22958"}],"version-history":[{"count":1,"href":"https:\/\/conexiontotal.press\/index.php\/wp-json\/wp\/v2\/posts\/22958\/revisions"}],"predecessor-version":[{"id":22960,"href":"https:\/\/conexiontotal.press\/index.php\/wp-json\/wp\/v2\/posts\/22958\/revisions\/22960"}],"wp:featuredmedia":[{"embeddable":true,"href":"https:\/\/conexiontotal.press\/index.php\/wp-json\/wp\/v2\/media\/22959"}],"wp:attachment":[{"href":"https:\/\/conexiontotal.press\/index.php\/wp-json\/wp\/v2\/media?parent=22958"}],"wp:term":[{"taxonomy":"category","embeddable":true,"href":"https:\/\/conexiontotal.press\/index.php\/wp-json\/wp\/v2\/categories?post=22958"},{"taxonomy":"post_tag","embeddable":true,"href":"https:\/\/conexiontotal.press\/index.php\/wp-json\/wp\/v2\/tags?post=22958"}],"curies":[{"name":"wp","href":"https:\/\/api.w.org\/{rel}","templated":true}]}}