{"id":22961,"date":"2026-08-22T19:56:10","date_gmt":"2026-08-23T01:56:10","guid":{"rendered":"https:\/\/conexiontotal.press\/?p=22961"},"modified":"2026-09-02T19:56:18","modified_gmt":"2026-09-03T01:56:18","slug":"anuncia-la-uat-convocatoria-de-ingreso-al-bachillerato-virtual","status":"publish","type":"post","link":"https:\/\/conexiontotal.press\/index.php\/2026\/08\/22\/anuncia-la-uat-convocatoria-de-ingreso-al-bachillerato-virtual\/","title":{"rendered":"Anuncia la UAT convocatoria de ingreso al Bachillerato Virtual"},"content":{"rendered":"<p><span data-contrast=\"auto\">En un firme compromiso por democratizar el acceso a la educaci\u00f3n de calidad, la Universidad Aut\u00f3noma de Tamaulipas anunci\u00f3 la apertura de la convocatoria para integrar la segunda generaci\u00f3n del Bachillerato Virtual UAT.<\/span><span data-ccp-props=\"{&quot;201341983&quot;:0,&quot;335551550&quot;:6,&quot;335551620&quot;:6,&quot;335559740&quot;:360}\">\u00a0<\/span><\/p>\n<p><span data-contrast=\"auto\">Esta iniciativa refleja la visi\u00f3n humanista y transformadora impulsada por el rector de la UAT, D\u00e1maso Anaya Alvarado, reafirmando el papel de la universidad p\u00fablica como un motor de desarrollo que derriba barreras geogr\u00e1ficas, econ\u00f3micas y de tiempo para llevar formaci\u00f3n acad\u00e9mica a todos los rincones del estado y del pa\u00eds.<\/span><span data-ccp-props=\"{&quot;201341983&quot;:0,&quot;335551550&quot;:6,&quot;335551620&quot;:6,&quot;335559740&quot;:360}\">\u00a0<\/span><\/p>\n<p><span data-contrast=\"auto\">Con una duraci\u00f3n de dos a\u00f1os y estructurado bajo un modelo educativo no escolarizado, el Bachillerato Virtual UAT est\u00e1 dirigido a personas mayores de 18 a\u00f1os que desean iniciar, retomar o concluir sus estudios de nivel medio superior sin descuidar sus responsabilidades laborales o familiares.<\/span><span data-ccp-props=\"{&quot;201341983&quot;:0,&quot;335551550&quot;:6,&quot;335551620&quot;:6,&quot;335559740&quot;:360}\">\u00a0<\/span><\/p>\n<p><span data-contrast=\"auto\">De acuerdo con la convocatoria, el registro de aspirantes permanecer\u00e1 abierto del 24 de agosto al 30 de octubre de 2026, a trav\u00e9s de la plataforma oficial bachilleratovirtual.uat.edu.mx. Para este proceso se requiere contar con un correo electr\u00f3nico personal activo, permitiendo un \u00fanico registro por CURP.<\/span><span data-ccp-props=\"{&quot;201341983&quot;:0,&quot;335551550&quot;:6,&quot;335551620&quot;:6,&quot;335559740&quot;:360}\">\u00a0<\/span><\/p>\n<p><span data-contrast=\"auto\">Los aspirantes deber\u00e1n completar el curso proped\u00e9utico del 3 al 27 de noviembre de 2026, una fase inductiva al modelo e-learning que les brindar\u00e1 las herramientas metodol\u00f3gicas y digitales necesarias para su desempe\u00f1o acad\u00e9mico.\u00a0<\/span><span data-ccp-props=\"{&quot;201341983&quot;:0,&quot;335551550&quot;:6,&quot;335551620&quot;:6,&quot;335559740&quot;:360}\">\u00a0<\/span><\/p>\n<p><span data-contrast=\"auto\">Quienes concluyan satisfactoriamente este m\u00f3dulo podr\u00e1n formalizar su inscripci\u00f3n durante el periodo comprendido del 1 de diciembre de 2026 al 15 de enero de 2027.<\/span><span data-ccp-props=\"{&quot;201341983&quot;:0,&quot;335551550&quot;:6,&quot;335551620&quot;:6,&quot;335559740&quot;:360}\">\u00a0<\/span><\/p>\n<p><span data-contrast=\"auto\">La convocatoria est\u00e1 disponible en la p\u00e1gina: https:\/\/bachilleratovirtual.uat.edu.mx\/. Para mayores informes, escribir al correo electr\u00f3nico: bachilleratovirtual@uat.edu.mx, o bien llamar al tel\u00e9fono conmutador 834 3181 800, extensi\u00f3n 1583, y al tel\u00e9fono m\u00f3vil 834 1118 145, con atenci\u00f3n de lunes a viernes, en un horario de 8:00 a. m. a 7:00 p. m.<\/span><span data-ccp-props=\"{&quot;201341983&quot;:0,&quot;335551550&quot;:6,&quot;335551620&quot;:6,&quot;335559740&quot;:360}\">\u00a0<\/span><\/p>\n<p><span data-ccp-props=\"{&quot;201341983&quot;:0,&quot;335551550&quot;:6,&quot;335551620&quot;:6,&quot;335559740&quot;:360}\">\u00a0<\/span><\/p>\n","protected":false},"excerpt":{"rendered":"<p>En un firme compromiso por democratizar el acceso a la educaci\u00f3n de calidad, la Universidad Aut\u00f3noma de Tamaulipas anunci\u00f3 la apertura de la convocatoria para integrar la segunda generaci\u00f3n del Bachillerato Virtual UAT.\u00a0 Esta iniciativa refleja la visi\u00f3n humanista y transformadora impulsada por el rector de la UAT, D\u00e1maso Anaya Alvarado, reafirmando el papel de [&hellip;]<\/p>\n","protected":false},"author":4,"featured_media":22962,"comment_status":"closed","ping_status":"closed","sticky":false,"template":"","format":"standard","meta":{"footnotes":""},"categories":[3],"tags":[],"class_list":["post-22961","post","type-post","status-publish","format-standard","has-post-thumbnail","hentry","category-victoria"],"_links":{"self":[{"href":"https:\/\/conexiontotal.press\/index.php\/wp-json\/wp\/v2\/posts\/22961","targetHints":{"allow":["GET"]}}],"collection":[{"href":"https:\/\/conexiontotal.press\/index.php\/wp-json\/wp\/v2\/posts"}],"about":[{"href":"https:\/\/conexiontotal.press\/index.php\/wp-json\/wp\/v2\/types\/post"}],"author":[{"embeddable":true,"href":"https:\/\/conexiontotal.press\/index.php\/wp-json\/wp\/v2\/users\/4"}],"replies":[{"embeddable":true,"href":"https:\/\/conexiontotal.press\/index.php\/wp-json\/wp\/v2\/comments?post=22961"}],"version-history":[{"count":1,"href":"https:\/\/conexiontotal.press\/index.php\/wp-json\/wp\/v2\/posts\/22961\/revisions"}],"predecessor-version":[{"id":22963,"href":"https:\/\/conexiontotal.press\/index.php\/wp-json\/wp\/v2\/posts\/22961\/revisions\/22963"}],"wp:featuredmedia":[{"embeddable":true,"href":"https:\/\/conexiontotal.press\/index.php\/wp-json\/wp\/v2\/media\/22962"}],"wp:attachment":[{"href":"https:\/\/conexiontotal.press\/index.php\/wp-json\/wp\/v2\/media?parent=22961"}],"wp:term":[{"taxonomy":"category","embeddable":true,"href":"https:\/\/conexiontotal.press\/index.php\/wp-json\/wp\/v2\/categories?post=22961"},{"taxonomy":"post_tag","embeddable":true,"href":"https:\/\/conexiontotal.press\/index.php\/wp-json\/wp\/v2\/tags?post=22961"}],"curies":[{"name":"wp","href":"https:\/\/api.w.org\/{rel}","templated":true}]}}