{"id":22973,"date":"2026-08-25T20:13:32","date_gmt":"2026-08-26T02:13:32","guid":{"rendered":"https:\/\/conexiontotal.press\/?p=22973"},"modified":"2026-09-02T20:13:44","modified_gmt":"2026-09-03T02:13:44","slug":"facilita-la-uat-a-sus-estudiantes-el-acceso-a-la-beca-futuro-tamaulipas","status":"publish","type":"post","link":"https:\/\/conexiontotal.press\/index.php\/2026\/08\/25\/facilita-la-uat-a-sus-estudiantes-el-acceso-a-la-beca-futuro-tamaulipas\/","title":{"rendered":"Facilita la UAT a sus estudiantes el acceso a la Beca Futuro Tamaulipas"},"content":{"rendered":"<p><span data-contrast=\"auto\">Con la finalidad de que ning\u00fan estudiante abandone las aulas por cuestiones socioecon\u00f3micas, la Universidad Aut\u00f3noma de Tamaulipas (UAT) est\u00e1 haciendo extensiva, en todas sus facultades y unidades acad\u00e9micas, la convocatoria del programa Beca Futuro Tamaulipas, J\u00f3venes de Nivel Superior, que impulsa el Gobierno del Estado a trav\u00e9s del Instituto Tamaulipeco de Becas, Est\u00edmulos y Cr\u00e9ditos Educativos (ITABEC).<\/span><span data-ccp-props=\"{&quot;201341983&quot;:0,&quot;335551550&quot;:6,&quot;335551620&quot;:6,&quot;335559740&quot;:360}\">\u00a0<\/span><\/p>\n<p><span data-contrast=\"auto\">En este marco, la Universidad dispone de una red de enlaces y personal de orientaci\u00f3n en cada una de sus dependencias acad\u00e9micas para guiar al alumnado en la gesti\u00f3n de este tr\u00e1mite y acompa\u00f1arle en todo el proceso de postulaci\u00f3n a fin de que cuente con este importante beneficio.<\/span><span data-ccp-props=\"{&quot;201341983&quot;:0,&quot;335551550&quot;:6,&quot;335551620&quot;:6,&quot;335559740&quot;:360}\">\u00a0<\/span><\/p>\n<p><span data-contrast=\"auto\">Esta estrategia responde a las pol\u00edticas institucionales del rector de la UAT, D\u00e1maso Anaya Alvarado, orientadas a consolidar una estrecha alianza de trabajo con el Gobierno del Estado de Tamaulipas a favor de la juventud estudiantil.\u00a0<\/span><span data-ccp-props=\"{&quot;201341983&quot;:0,&quot;335551550&quot;:6,&quot;335551620&quot;:6,&quot;335559740&quot;:360}\">\u00a0<\/span><\/p>\n<p><span data-contrast=\"auto\">Mediante esta sinergia, se busca ampliar el acceso a los programas de est\u00edmulos p\u00fablicos, permitiendo que la comunidad universitaria impulse su formaci\u00f3n acad\u00e9mica en un entorno de equidad, inclusi\u00f3n y desarrollo humano.<\/span><span data-ccp-props=\"{&quot;201341983&quot;:0,&quot;335551550&quot;:6,&quot;335551620&quot;:6,&quot;335559740&quot;:360}\">\u00a0<\/span><\/p>\n<p><span data-contrast=\"auto\">El periodo de registro en l\u00ednea dio inicio el 19 de agosto y concluir\u00e1 el pr\u00f3ximo 2 de septiembre de 2026. Durante esta ventana de atenci\u00f3n, las y los estudiantes de los niveles de licenciatura, t\u00e9cnico superior universitario, profesional asociado y posgrado pueden ingresar su solicitud formal a trav\u00e9s de la plataforma oficial del programa en https:\/\/www.tamaulipas.gob.mx\/itabec\/beca-futuro-tamaulipas-jovenes-de-nivel-superior\/.<\/span><span data-ccp-props=\"{&quot;201341983&quot;:0,&quot;335551550&quot;:6,&quot;335551620&quot;:6,&quot;335559740&quot;:360}\">\u00a0<\/span><\/p>\n<p><span data-contrast=\"auto\">El programa est\u00e1 dirigido a estudiantes en condici\u00f3n de vulnerabilidad socioecon\u00f3mica con un promedio general m\u00ednimo de 8.0. El aspirante debe presentar la solicitud oficial y aviso de privacidad en original, acta de nacimiento, comprobante de domicilio reciente, identificaci\u00f3n oficial y las acreditaciones acad\u00e9micas o condiciones de vulnerabilidad espec\u00edficas seg\u00fan establezcan las reglas de operaci\u00f3n.<\/span><span data-ccp-props=\"{&quot;201341983&quot;:0,&quot;335551550&quot;:6,&quot;335551620&quot;:6,&quot;335559740&quot;:360}\">\u00a0<\/span><\/p>\n<p><span data-contrast=\"auto\">Para hacer eficiente el tr\u00e1mite y evitar la saturaci\u00f3n en los procesos inform\u00e1ticos, los enlaces de becas en cada centro universitario est\u00e1n habilitados para orientar en la conformaci\u00f3n del expediente digital, validar la regularidad acad\u00e9mica y recibir la documentaci\u00f3n en f\u00edsico una vez emitida la preautorizaci\u00f3n por el sistema estatal.<\/span><span data-ccp-props=\"{&quot;201341983&quot;:0,&quot;335551550&quot;:6,&quot;335551620&quot;:6,&quot;335559740&quot;:360}\">\u00a0<\/span><\/p>\n<p><span data-contrast=\"auto\">La UAT invita a toda su comunidad estudiantil a acudir con oportunidad a las oficinas de atenci\u00f3n de su respectiva facultad, aprovechando el respaldo institucional dispuesto para llevar a cabo un registro correcto y oportuno<\/span><span data-ccp-props=\"{&quot;201341983&quot;:0,&quot;335551550&quot;:6,&quot;335551620&quot;:6,&quot;335559740&quot;:360}\">\u00a0<\/span><\/p>\n<p><span data-ccp-props=\"{&quot;201341983&quot;:0,&quot;335551550&quot;:6,&quot;335551620&quot;:6,&quot;335559740&quot;:360}\">\u00a0<\/span><\/p>\n<p><span data-ccp-props=\"{&quot;201341983&quot;:0,&quot;335551550&quot;:6,&quot;335551620&quot;:6,&quot;335559740&quot;:360}\">\u00a0<\/span><\/p>\n","protected":false},"excerpt":{"rendered":"<p>Con la finalidad de que ning\u00fan estudiante abandone las aulas por cuestiones socioecon\u00f3micas, la Universidad Aut\u00f3noma de Tamaulipas (UAT) est\u00e1 haciendo extensiva, en todas sus facultades y unidades acad\u00e9micas, la convocatoria del programa Beca Futuro Tamaulipas, J\u00f3venes de Nivel Superior, que impulsa el Gobierno del Estado a trav\u00e9s del Instituto Tamaulipeco de Becas, Est\u00edmulos y [&hellip;]<\/p>\n","protected":false},"author":4,"featured_media":22974,"comment_status":"closed","ping_status":"closed","sticky":false,"template":"","format":"standard","meta":{"footnotes":""},"categories":[3],"tags":[],"class_list":["post-22973","post","type-post","status-publish","format-standard","has-post-thumbnail","hentry","category-victoria"],"_links":{"self":[{"href":"https:\/\/conexiontotal.press\/index.php\/wp-json\/wp\/v2\/posts\/22973","targetHints":{"allow":["GET"]}}],"collection":[{"href":"https:\/\/conexiontotal.press\/index.php\/wp-json\/wp\/v2\/posts"}],"about":[{"href":"https:\/\/conexiontotal.press\/index.php\/wp-json\/wp\/v2\/types\/post"}],"author":[{"embeddable":true,"href":"https:\/\/conexiontotal.press\/index.php\/wp-json\/wp\/v2\/users\/4"}],"replies":[{"embeddable":true,"href":"https:\/\/conexiontotal.press\/index.php\/wp-json\/wp\/v2\/comments?post=22973"}],"version-history":[{"count":1,"href":"https:\/\/conexiontotal.press\/index.php\/wp-json\/wp\/v2\/posts\/22973\/revisions"}],"predecessor-version":[{"id":22975,"href":"https:\/\/conexiontotal.press\/index.php\/wp-json\/wp\/v2\/posts\/22973\/revisions\/22975"}],"wp:featuredmedia":[{"embeddable":true,"href":"https:\/\/conexiontotal.press\/index.php\/wp-json\/wp\/v2\/media\/22974"}],"wp:attachment":[{"href":"https:\/\/conexiontotal.press\/index.php\/wp-json\/wp\/v2\/media?parent=22973"}],"wp:term":[{"taxonomy":"category","embeddable":true,"href":"https:\/\/conexiontotal.press\/index.php\/wp-json\/wp\/v2\/categories?post=22973"},{"taxonomy":"post_tag","embeddable":true,"href":"https:\/\/conexiontotal.press\/index.php\/wp-json\/wp\/v2\/tags?post=22973"}],"curies":[{"name":"wp","href":"https:\/\/api.w.org\/{rel}","templated":true}]}}