{"id":22988,"date":"2026-08-28T20:30:14","date_gmt":"2026-08-29T02:30:14","guid":{"rendered":"https:\/\/conexiontotal.press\/?p=22988"},"modified":"2026-09-02T20:30:23","modified_gmt":"2026-09-03T02:30:23","slug":"reconoce-uat-trayectoria-judicial-de-su-distinguida-egresada-xochitl-almendra-hernandez-torres","status":"publish","type":"post","link":"https:\/\/conexiontotal.press\/index.php\/2026\/08\/28\/reconoce-uat-trayectoria-judicial-de-su-distinguida-egresada-xochitl-almendra-hernandez-torres\/","title":{"rendered":"Reconoce UAT trayectoria judicial de su distinguida egresada X\u00f3chitl Almendra Hern\u00e1ndez Torres"},"content":{"rendered":"<p><span data-contrast=\"auto\">El rector de la Universidad Aut\u00f3noma de Tamaulipas (UAT), D\u00e1maso Anaya Alvarado, hizo entrega de un reconocimiento a la Dra. X\u00f3chitl Almendra Hern\u00e1ndez Torres, integrante del Pleno del \u00d3rgano de Administraci\u00f3n Judicial (OAJ) del Poder Judicial de la Federaci\u00f3n (PJF) y distinguida egresada de la Facultad de Derecho y Ciencias Sociales Victoria (FDCSV).<\/span><span data-ccp-props=\"{&quot;201341983&quot;:0,&quot;335551550&quot;:6,&quot;335551620&quot;:6,&quot;335559740&quot;:360}\">\u00a0<\/span><\/p>\n<p><span data-contrast=\"auto\">Dicha distinci\u00f3n reconoce su sobresaliente trayectoria profesional al servicio de la impartici\u00f3n y administraci\u00f3n de justicia en M\u00e9xico, as\u00ed como su valiosa contribuci\u00f3n al prestigio de la UAT y su permanente compromiso con la formaci\u00f3n de las nuevas generaciones de juristas.<\/span><span data-ccp-props=\"{&quot;201341983&quot;:0,&quot;335551550&quot;:6,&quot;335551620&quot;:6,&quot;335559740&quot;:360}\">\u00a0<\/span><\/p>\n<p><span data-contrast=\"auto\">En la emotiva ceremonia, celebrada en el Gimnasio Multidisciplinario del Campus Victoria, se cont\u00f3 con la presencia del ministro de la Suprema Corte de Justicia de la Naci\u00f3n, Irving Espinoza Betanzo; del representante del gobernador Am\u00e9rico Villarreal Anaya, el subsecretario de Enlace Legislativo, R\u00f3mulo P\u00e9rez S\u00e1nchez; y del director de la FDCSV, Edy Izaguirre Trevi\u00f1o.<\/span><span data-ccp-props=\"{&quot;201341983&quot;:0,&quot;335551550&quot;:6,&quot;335551620&quot;:6,&quot;335559740&quot;:360}\">\u00a0<\/span><\/p>\n<p><span data-contrast=\"auto\">En su mensaje, D\u00e1maso Anaya resalt\u00f3 la trayectoria de m\u00e1s de dos d\u00e9cadas en el servicio p\u00fablico de la Dra. Hern\u00e1ndez Torres, a quien reconoci\u00f3 no solo por poner en alto el nombre de Tamaulipas en la administraci\u00f3n de justicia nacional, sino por mantener un compromiso permanente con su <\/span><i><span data-contrast=\"auto\">alma mater<\/span><\/i><span data-contrast=\"auto\">.<\/span><span data-ccp-props=\"{&quot;201341983&quot;:0,&quot;335551550&quot;:6,&quot;335551620&quot;:6,&quot;335559740&quot;:360}\">\u00a0<\/span><\/p>\n<p><span data-contrast=\"auto\">El rector subray\u00f3 que el trabajo coordinado y el di\u00e1logo directo con los distintos \u00f3rdenes de gobierno son fundamentales para fortalecer las instituciones. En este sentido, record\u00f3 la firma del convenio concretado el pasado 8 de mayo, en Tampico, entre la UAT y el PJF, instrumento que ya entrega resultados tangibles al abrir puertas reales para el alumnado y egresados.<\/span><span data-ccp-props=\"{&quot;201341983&quot;:0,&quot;335551550&quot;:6,&quot;335551620&quot;:6,&quot;335559740&quot;:360}\">\u00a0<\/span><\/p>\n<p><span data-contrast=\"auto\">Al hacer uso de la palabra, la Dra. X\u00f3chitl Almendra Hern\u00e1ndez Torres manifest\u00f3 su profunda gratitud y emoci\u00f3n por regresar a la UAT, ya que representa un retorno a sus or\u00edgenes, recordando con aprecio sus a\u00f1os de estudiante y c\u00f3mo la educaci\u00f3n p\u00fablica se convirti\u00f3 en la herramienta fundamental para superar las adversidades y alcanzar sus metas.<\/span><span data-ccp-props=\"{&quot;201341983&quot;:0,&quot;335551550&quot;:6,&quot;335551620&quot;:6,&quot;335559740&quot;:360}\">\u00a0<\/span><\/p>\n<p><span data-contrast=\"auto\">En su emotivo testimonio, compartido ante la presencia de sus padres, esposo e hijos, destac\u00f3 los aspectos clave de su formaci\u00f3n profesional. Record\u00f3 su paso por las distintas instancias de impartici\u00f3n de justicia hasta su designaci\u00f3n en el PJF, haciendo un especial reconocimiento a sus maestros y a su red de apoyo familiar por acompa\u00f1ar ese recorrido.<\/span><span data-ccp-props=\"{&quot;201341983&quot;:0,&quot;335551550&quot;:6,&quot;335551620&quot;:6,&quot;335559740&quot;:360}\">\u00a0<\/span><\/p>\n<p><span data-contrast=\"auto\">Finalmente, exhort\u00f3 a las y los estudiantes a no rendirse ante las dificultades, y a comprender que el verdadero sentido del \u00e9xito y del conocimiento profesional cobra valor cuando se pone al servicio de la sociedad y de quienes m\u00e1s lo necesitan.<\/span><span data-ccp-props=\"{&quot;201341983&quot;:0,&quot;335551550&quot;:6,&quot;335551620&quot;:6,&quot;335559740&quot;:360}\">\u00a0<\/span><\/p>\n<p><span data-contrast=\"auto\">Por su parte, el ministro Irving Espinosa Betanzo felicit\u00f3 a la Dra. Hern\u00e1ndez Torres y a su familia, celebrando que sea su propia casa de estudios la encargada de rendir este merecido homenaje a su trayectoria laboral; y enfatiz\u00f3 la importancia de mantener un v\u00ednculo permanente con las instituciones p\u00fablicas de ense\u00f1anza, se\u00f1alando que sus aulas albergan una gran diversidad de realidades sociales.\u00a0<\/span><span data-ccp-props=\"{&quot;201341983&quot;:0,&quot;335551550&quot;:6,&quot;335551620&quot;:6,&quot;335559740&quot;:360}\">\u00a0<\/span><\/p>\n<p><span data-contrast=\"auto\">El mensaje del gobernador Am\u00e9rico Villarreal estuvo a cargo de R\u00f3mulo P\u00e9rez S\u00e1nchez, quien subray\u00f3 el compromiso de la Universidad al formar mujeres y hombres capaces de transformar positivamente a la sociedad, asegurando que este homenaje no solo celebra el \u00e9xito individual, sino que reconoce el valor de la educaci\u00f3n p\u00fablica y la capacidad de la UAT para formar profesionistas que ponen en alto el nombre de la instituci\u00f3n y del estado.<\/span><span data-ccp-props=\"{&quot;201341983&quot;:0,&quot;335551550&quot;:6,&quot;335551620&quot;:6,&quot;335559740&quot;:360}\">\u00a0<\/span><\/p>\n<p><span data-contrast=\"auto\">En la ceremonia, el director de la FDCSV, Edy Izaguirre Trevi\u00f1o, expuso que esta distinci\u00f3n honra una vida profesional que encarna los valores de verdad, belleza y probidad, sirviendo como un referente vivo para las nuevas generaciones.\u00a0<\/span><span data-ccp-props=\"{&quot;201341983&quot;:0,&quot;335551550&quot;:6,&quot;335551620&quot;:6,&quot;335559740&quot;:360}\">\u00a0<\/span><\/p>\n<p><span data-contrast=\"auto\">Como testimonio de este impacto transformador, se present\u00f3 a nueve j\u00f3venes egresados que hoy en d\u00eda se desempe\u00f1an profesionalmente en la Ciudad de M\u00e9xico gracias a este esquema de vinculaci\u00f3n institucional. El evento concluy\u00f3 con la entrega formal del diploma otorgado por el Consejo T\u00e9cnico de la FDCSV y la foto oficial del pres\u00eddium junto a la comunidad universitaria.<\/span><span data-ccp-props=\"{&quot;201341983&quot;:0,&quot;335551550&quot;:6,&quot;335551620&quot;:6,&quot;335559740&quot;:360}\">\u00a0<\/span><\/p>\n","protected":false},"excerpt":{"rendered":"<p>El rector de la Universidad Aut\u00f3noma de Tamaulipas (UAT), D\u00e1maso Anaya Alvarado, hizo entrega de un reconocimiento a la Dra. X\u00f3chitl Almendra Hern\u00e1ndez Torres, integrante del Pleno del \u00d3rgano de Administraci\u00f3n Judicial (OAJ) del Poder Judicial de la Federaci\u00f3n (PJF) y distinguida egresada de la Facultad de Derecho y Ciencias Sociales Victoria (FDCSV).\u00a0 Dicha distinci\u00f3n [&hellip;]<\/p>\n","protected":false},"author":4,"featured_media":22989,"comment_status":"closed","ping_status":"closed","sticky":false,"template":"","format":"standard","meta":{"footnotes":""},"categories":[3],"tags":[],"class_list":["post-22988","post","type-post","status-publish","format-standard","has-post-thumbnail","hentry","category-victoria"],"_links":{"self":[{"href":"https:\/\/conexiontotal.press\/index.php\/wp-json\/wp\/v2\/posts\/22988","targetHints":{"allow":["GET"]}}],"collection":[{"href":"https:\/\/conexiontotal.press\/index.php\/wp-json\/wp\/v2\/posts"}],"about":[{"href":"https:\/\/conexiontotal.press\/index.php\/wp-json\/wp\/v2\/types\/post"}],"author":[{"embeddable":true,"href":"https:\/\/conexiontotal.press\/index.php\/wp-json\/wp\/v2\/users\/4"}],"replies":[{"embeddable":true,"href":"https:\/\/conexiontotal.press\/index.php\/wp-json\/wp\/v2\/comments?post=22988"}],"version-history":[{"count":2,"href":"https:\/\/conexiontotal.press\/index.php\/wp-json\/wp\/v2\/posts\/22988\/revisions"}],"predecessor-version":[{"id":22991,"href":"https:\/\/conexiontotal.press\/index.php\/wp-json\/wp\/v2\/posts\/22988\/revisions\/22991"}],"wp:featuredmedia":[{"embeddable":true,"href":"https:\/\/conexiontotal.press\/index.php\/wp-json\/wp\/v2\/media\/22989"}],"wp:attachment":[{"href":"https:\/\/conexiontotal.press\/index.php\/wp-json\/wp\/v2\/media?parent=22988"}],"wp:term":[{"taxonomy":"category","embeddable":true,"href":"https:\/\/conexiontotal.press\/index.php\/wp-json\/wp\/v2\/categories?post=22988"},{"taxonomy":"post_tag","embeddable":true,"href":"https:\/\/conexiontotal.press\/index.php\/wp-json\/wp\/v2\/tags?post=22988"}],"curies":[{"name":"wp","href":"https:\/\/api.w.org\/{rel}","templated":true}]}}