{"id":22998,"date":"2026-08-30T20:38:11","date_gmt":"2026-08-31T02:38:11","guid":{"rendered":"https:\/\/conexiontotal.press\/?p=22998"},"modified":"2026-09-02T20:38:43","modified_gmt":"2026-09-03T02:38:43","slug":"celebra-la-uat-a-adultos-mayores-del-comass-con-nuevas-instalaciones-y-emotivo-festejo-en-su-dia","status":"publish","type":"post","link":"https:\/\/conexiontotal.press\/index.php\/2026\/08\/30\/celebra-la-uat-a-adultos-mayores-del-comass-con-nuevas-instalaciones-y-emotivo-festejo-en-su-dia\/","title":{"rendered":"Celebra la UAT a adultos mayores del COMASS con nuevas instalaciones y emotivo festejo en su d\u00eda"},"content":{"rendered":"<p><span data-contrast=\"auto\">La Universidad Aut\u00f3noma de Tamaulipas (UAT) ofreci\u00f3 un emotivo festejo para los adultos mayores que asisten al Centro Operativo Multidisciplinario de Atenci\u00f3n y Servicio Social (COMASS), en el marco del D\u00eda Nacional de las Personas Adultas Mayores, que se celebra el 28 de agosto.<\/span><span data-ccp-props=\"{&quot;201341983&quot;:0,&quot;335551550&quot;:6,&quot;335551620&quot;:6,&quot;335559740&quot;:360}\">\u00a0<\/span><\/p>\n<p><span data-contrast=\"auto\">El evento fue encabezado por el rector D\u00e1maso Anaya Alvarado y por la presidenta de Familia UAT, Lic. Isolda Rend\u00f3n de Anaya, en las nuevas instalaciones que fueron acondicionadas para las actividades que realizan las personas de la tercera edad.<\/span><span data-ccp-props=\"{&quot;201341983&quot;:0,&quot;335551550&quot;:6,&quot;335551620&quot;:6,&quot;335559740&quot;:360}\">\u00a0<\/span><\/p>\n<p><span data-contrast=\"auto\">Al felicitar a los abuelitos en su d\u00eda, el rector dijo que la Universidad se ha preocupado por ofrecer a los adultos mayores del Club de la Edad de Oro las mejores condiciones para su bienestar integral, por ello, se decidi\u00f3 ampliar los servicios que reciben en instalaciones m\u00e1s confortables.<\/span><span data-ccp-props=\"{&quot;201341983&quot;:0,&quot;335551550&quot;:6,&quot;335551620&quot;:6,&quot;335559740&quot;:360}\">\u00a0<\/span><\/p>\n<p><span data-contrast=\"auto\">En ese sentido, afirm\u00f3 que \u201clos abuelitos son los pilares de las familias y son quienes siguen dotando de valores humanos a la sociedad\u201d, por lo que, para la UAT, es muy importante seguir trabajando para estar cerca de ellos y de todos los sectores sociales, buscando siempre aportar a su desarrollo a trav\u00e9s de un modelo humanista.<\/span><span data-ccp-props=\"{&quot;201341983&quot;:0,&quot;335551550&quot;:6,&quot;335551620&quot;:6,&quot;335559740&quot;:360}\">\u00a0<\/span><\/p>\n<p><span data-contrast=\"auto\">Como parte del festejo, los abuelitos disfrutaron de un emotivo convivio, donde tambi\u00e9n se coron\u00f3 al rey y a la reina del Club de la Edad de Oro, y fueron elegidos la se\u00f1ora Paula R\u00edos Cumpean y el se\u00f1or Enrique Reyes Guerrero.<\/span><span data-ccp-props=\"{&quot;201341983&quot;:0,&quot;335551550&quot;:6,&quot;335551620&quot;:6,&quot;335559740&quot;:360}\">\u00a0<\/span><\/p>\n<p><span data-contrast=\"auto\">Con las nuevas instalaciones, la UAT seguir\u00e1 ofreciendo, a trav\u00e9s del COMASS, todos los servicios gratuitos dise\u00f1ados para los adultos mayores de 60 a\u00f1os.<\/span><span data-ccp-props=\"{&quot;201341983&quot;:0,&quot;335551550&quot;:6,&quot;335551620&quot;:6,&quot;335559740&quot;:360}\">\u00a0<\/span><\/p>\n<p><span data-contrast=\"auto\">Entre los servicios que se ofrecen se encuentran: manualidades, tecnolog\u00eda, canto, baile y cortes de cabello; as\u00ed como consultas m\u00e9dicas, atenci\u00f3n psicol\u00f3gica y apoyo en \u00e1reas como asesor\u00eda jur\u00eddica.<\/span><span data-ccp-props=\"{&quot;201341983&quot;:0,&quot;335551550&quot;:6,&quot;335551620&quot;:6,&quot;335559740&quot;:360}\">\u00a0<\/span><\/p>\n<p><span data-contrast=\"auto\">Todo ello, ahora en las instalaciones en la Calle 19, entre Mier y Ter\u00e1n y Bernardo Guti\u00e9rrez de Lara, en la zona centro de Ciudad Victoria, Tamaulipas.<\/span><span data-ccp-props=\"{&quot;201341983&quot;:0,&quot;335551550&quot;:6,&quot;335551620&quot;:6,&quot;335559740&quot;:360}\">\u00a0<\/span><\/p>\n<p><span data-ccp-props=\"{&quot;201341983&quot;:0,&quot;335551550&quot;:6,&quot;335551620&quot;:6,&quot;335559740&quot;:360}\">\u00a0<\/span><\/p>\n","protected":false},"excerpt":{"rendered":"<p>La Universidad Aut\u00f3noma de Tamaulipas (UAT) ofreci\u00f3 un emotivo festejo para los adultos mayores que asisten al Centro Operativo Multidisciplinario de Atenci\u00f3n y Servicio Social (COMASS), en el marco del D\u00eda Nacional de las Personas Adultas Mayores, que se celebra el 28 de agosto.\u00a0 El evento fue encabezado por el rector D\u00e1maso Anaya Alvarado y [&hellip;]<\/p>\n","protected":false},"author":4,"featured_media":22999,"comment_status":"closed","ping_status":"closed","sticky":false,"template":"","format":"standard","meta":{"footnotes":""},"categories":[3],"tags":[],"class_list":["post-22998","post","type-post","status-publish","format-standard","has-post-thumbnail","hentry","category-victoria"],"_links":{"self":[{"href":"https:\/\/conexiontotal.press\/index.php\/wp-json\/wp\/v2\/posts\/22998","targetHints":{"allow":["GET"]}}],"collection":[{"href":"https:\/\/conexiontotal.press\/index.php\/wp-json\/wp\/v2\/posts"}],"about":[{"href":"https:\/\/conexiontotal.press\/index.php\/wp-json\/wp\/v2\/types\/post"}],"author":[{"embeddable":true,"href":"https:\/\/conexiontotal.press\/index.php\/wp-json\/wp\/v2\/users\/4"}],"replies":[{"embeddable":true,"href":"https:\/\/conexiontotal.press\/index.php\/wp-json\/wp\/v2\/comments?post=22998"}],"version-history":[{"count":1,"href":"https:\/\/conexiontotal.press\/index.php\/wp-json\/wp\/v2\/posts\/22998\/revisions"}],"predecessor-version":[{"id":23000,"href":"https:\/\/conexiontotal.press\/index.php\/wp-json\/wp\/v2\/posts\/22998\/revisions\/23000"}],"wp:featuredmedia":[{"embeddable":true,"href":"https:\/\/conexiontotal.press\/index.php\/wp-json\/wp\/v2\/media\/22999"}],"wp:attachment":[{"href":"https:\/\/conexiontotal.press\/index.php\/wp-json\/wp\/v2\/media?parent=22998"}],"wp:term":[{"taxonomy":"category","embeddable":true,"href":"https:\/\/conexiontotal.press\/index.php\/wp-json\/wp\/v2\/categories?post=22998"},{"taxonomy":"post_tag","embeddable":true,"href":"https:\/\/conexiontotal.press\/index.php\/wp-json\/wp\/v2\/tags?post=22998"}],"curies":[{"name":"wp","href":"https:\/\/api.w.org\/{rel}","templated":true}]}}