{"id":23003,"date":"2026-09-02T20:47:35","date_gmt":"2026-09-03T02:47:35","guid":{"rendered":"https:\/\/conexiontotal.press\/?p=23003"},"modified":"2026-09-02T20:47:35","modified_gmt":"2026-09-03T02:47:35","slug":"sheinbaum-incluye-a-tamaulipas-en-proyectos-estrategicos-de-infraestructura","status":"publish","type":"post","link":"https:\/\/conexiontotal.press\/index.php\/2026\/09\/02\/sheinbaum-incluye-a-tamaulipas-en-proyectos-estrategicos-de-infraestructura\/","title":{"rendered":"Sheinbaum incluye a Tamaulipas en proyectos estrat\u00e9gicos de infraestructura"},"content":{"rendered":"<p>CIUDAD DE M\u00c9XICO.- Al t\u00e9rmino del Segundo Informe de Gobierno de la presidenta Claudia Sheinbaum Pardo, el gobernador Am\u00e9rico Villarreal Anaya destac\u00f3 los proyectos federales de infraestructura y desarrollo previstos para Tamaulipas.<\/p>\n<p>Desde Palacio Nacional, Villarreal Anaya se\u00f1al\u00f3 que la entidad forma parte de proyectos estrat\u00e9gicos del Gobierno Federal.<\/p>\n<p>\u201cConstatamos los grandes avances en estos dos a\u00f1os de su administraci\u00f3n, pero tambi\u00e9n c\u00f3mo nuestra entidad est\u00e1 incorporada en grandes proyectos de infraestructura y de oportunidades de desarrollo\u201d, expres\u00f3.<\/p>\n<p>Entre los proyectos en Tamaulipas se encuentran obras carreteras, ferroviarias, hidr\u00e1ulicas, energ\u00e9ticas, portuarias y acciones en materia de salud y bienestar social.<\/p>\n<p>En infraestructura carretera, el Gobierno Federal atiende m\u00e1s de mil 700 kil\u00f3metros de v\u00edas federales en el estado y este a\u00f1o se destinaron 2 mil millones de pesos adicionales para su rehabilitaci\u00f3n.<\/p>\n<p>Sheinbaum tambi\u00e9n destac\u00f3 el Corredor del Golfo de M\u00e9xico y la ampliaci\u00f3n de la carretera Tampico-Reynosa, con paso por Ciudad Victoria.<\/p>\n<p>En infraestructura hidr\u00e1ulica, durante los primeros dos a\u00f1os de la administraci\u00f3n federal se han destinado cerca de 7 mil 500 millones de pesos a proyectos en Tamaulipas.<\/p>\n<p>Entre ellos se encuentran la tecnificaci\u00f3n de los distritos de riego 025 y 026, que abarcan 300 mil hect\u00e1reas y beneficiar\u00e1n a m\u00e1s de 5 mil agricultores, as\u00ed como la segunda l\u00ednea del acueducto de Ciudad Victoria.<\/p>\n<p>Tamaulipas cuenta con m\u00e1s de 19 cruces internacionales y es uno de los principales corredores comerciales entre M\u00e9xico y Estados Unidos.<\/p>\n<p>En este rubro se desarrollan proyectos como el tren de pasajeros hacia Nuevo Laredo, la modernizaci\u00f3n de infraestructura aduanera, el fortalecimiento de puentes internacionales y obras portuarias en Matamoros.<\/p>\n<p>En materia de bienestar, 19 programas federales representan una derrama superior a 24 mil 500 millones de pesos anuales en Tamaulipas, mediante pensiones para adultos mayores, becas, apoyos educativos y otros programas sociales.<\/p>\n<p>En el sector energ\u00e9tico, el estado registra una cobertura el\u00e9ctrica de 99.9 por ciento. Villarreal inform\u00f3 recientemente que se han autorizado cerca de ocho nuevos parques e\u00f3licos y uno fotovoltaico.<\/p>\n<p>Adem\u00e1s, cinco municipios cuentan con una nueva clasificaci\u00f3n de tarifa el\u00e9ctrica de verano y otros 10 se encuentran en proceso ante la Comisi\u00f3n Federal de Electricidad.<\/p>\n<p>En salud, Tamaulipas ocup\u00f3 durante 2023, 2024 y 2025 el primer lugar nacional en procedimientos quir\u00fargicos realizados con apoyo de la Beneficencia P\u00fablica.<\/p>\n<p>En seguridad, Villarreal Anaya asegur\u00f3 que la coordinaci\u00f3n entre autoridades federales y estatales ha permitido reducir 87 por ciento los homicidios dolosos durante su administraci\u00f3n.<\/p>\n<p>El gobernador se\u00f1al\u00f3 que los resultados de los proyectos deben reflejarse en la vida cotidiana de la poblaci\u00f3n.<\/p>\n<p>\u201cLo que a veces decimos en cifras, decimos en proyectos, a veces decimos en planes, lo tiene que ver y lo tiene que vivir la ciudadan\u00eda en su actividad diaria, en su actividad dom\u00e9stica\u201d, afirm\u00f3.<\/p>\n<p>Tras el Segundo Informe de Gobierno, Villarreal Anaya destac\u00f3 la coordinaci\u00f3n con la administraci\u00f3n de Claudia Sheinbaum para el desarrollo de los proyectos previstos para Tamaulipas.<\/p>\n","protected":false},"excerpt":{"rendered":"<p>CIUDAD DE M\u00c9XICO.- Al t\u00e9rmino del Segundo Informe de Gobierno de la presidenta Claudia Sheinbaum Pardo, el gobernador Am\u00e9rico Villarreal Anaya destac\u00f3 los proyectos federales de infraestructura y desarrollo previstos para Tamaulipas. Desde Palacio Nacional, Villarreal Anaya se\u00f1al\u00f3 que la entidad forma parte de proyectos estrat\u00e9gicos del Gobierno Federal. \u201cConstatamos los grandes avances en estos [&hellip;]<\/p>\n","protected":false},"author":4,"featured_media":23004,"comment_status":"closed","ping_status":"closed","sticky":false,"template":"","format":"standard","meta":{"footnotes":""},"categories":[12],"tags":[],"class_list":["post-23003","post","type-post","status-publish","format-standard","has-post-thumbnail","hentry","category-mexico"],"_links":{"self":[{"href":"https:\/\/conexiontotal.press\/index.php\/wp-json\/wp\/v2\/posts\/23003","targetHints":{"allow":["GET"]}}],"collection":[{"href":"https:\/\/conexiontotal.press\/index.php\/wp-json\/wp\/v2\/posts"}],"about":[{"href":"https:\/\/conexiontotal.press\/index.php\/wp-json\/wp\/v2\/types\/post"}],"author":[{"embeddable":true,"href":"https:\/\/conexiontotal.press\/index.php\/wp-json\/wp\/v2\/users\/4"}],"replies":[{"embeddable":true,"href":"https:\/\/conexiontotal.press\/index.php\/wp-json\/wp\/v2\/comments?post=23003"}],"version-history":[{"count":1,"href":"https:\/\/conexiontotal.press\/index.php\/wp-json\/wp\/v2\/posts\/23003\/revisions"}],"predecessor-version":[{"id":23005,"href":"https:\/\/conexiontotal.press\/index.php\/wp-json\/wp\/v2\/posts\/23003\/revisions\/23005"}],"wp:featuredmedia":[{"embeddable":true,"href":"https:\/\/conexiontotal.press\/index.php\/wp-json\/wp\/v2\/media\/23004"}],"wp:attachment":[{"href":"https:\/\/conexiontotal.press\/index.php\/wp-json\/wp\/v2\/media?parent=23003"}],"wp:term":[{"taxonomy":"category","embeddable":true,"href":"https:\/\/conexiontotal.press\/index.php\/wp-json\/wp\/v2\/categories?post=23003"},{"taxonomy":"post_tag","embeddable":true,"href":"https:\/\/conexiontotal.press\/index.php\/wp-json\/wp\/v2\/tags?post=23003"}],"curies":[{"name":"wp","href":"https:\/\/api.w.org\/{rel}","templated":true}]}}