{"id":23009,"date":"2026-09-01T09:45:07","date_gmt":"2026-09-01T15:45:07","guid":{"rendered":"https:\/\/conexiontotal.press\/?p=23009"},"modified":"2026-09-03T09:45:13","modified_gmt":"2026-09-03T15:45:13","slug":"preparan-la-gran-rodada-uat-14k-en-ciudad-victoria","status":"publish","type":"post","link":"https:\/\/conexiontotal.press\/index.php\/2026\/09\/01\/preparan-la-gran-rodada-uat-14k-en-ciudad-victoria\/","title":{"rendered":"Preparan la Gran Rodada UAT 14K en Ciudad Victoria"},"content":{"rendered":"<p><span data-contrast=\"auto\">Con la finalidad de vincular a la sociedad en general y la comunidad universitaria a trav\u00e9s del deporte, la Universidad Aut\u00f3noma de Tamaulipas organiza la Gran Rodada UAT 14K, que se celebrar\u00e1 el pr\u00f3ximo domingo, 20 septiembre, en Ciudad Victoria.<\/span><span data-ccp-props=\"{&quot;201341983&quot;:0,&quot;335551550&quot;:6,&quot;335551620&quot;:6,&quot;335559740&quot;:360}\">\u00a0<\/span><\/p>\n<p><span data-contrast=\"auto\">A trav\u00e9s de la Secretar\u00eda de Vinculaci\u00f3n y la Direcci\u00f3n de Deportes y Recreaci\u00f3n, se convoca a ni\u00f1as, ni\u00f1os, j\u00f3venes y adultos a participar en el paseo en bicicleta que recorrer\u00e1 las principales avenidas de la capital de Tamaulipas, donde todos los presentes podr\u00e1n disfrutarlo al m\u00e1ximo.<\/span><span data-ccp-props=\"{&quot;201341983&quot;:0,&quot;335551550&quot;:6,&quot;335551620&quot;:6,&quot;335559740&quot;:360}\">\u00a0<\/span><\/p>\n<p><span data-contrast=\"auto\">Los ciclistas se reunir\u00e1n frente al estacionamiento del Parque Tamat\u00e1n, ubicado en la Calzada \u201cGral. Luis Caballero\u201d, en punto de las 8:00 horas, donde las autoridades de la UAT e invitados especiales dar\u00e1n el banderazo de salida.<\/span><span data-ccp-props=\"{&quot;201341983&quot;:0,&quot;335551550&quot;:6,&quot;335551620&quot;:6,&quot;335559740&quot;:360}\">\u00a0<\/span><\/p>\n<p><span data-contrast=\"auto\">Todos los participantes transitar\u00e1n sobre el Eje Vial \u201cL\u00e1zaro C\u00e1rdenas\u201d rumbo al norte, hasta llegar al Libramiento Naciones Unidas, llegando a la Avenida Tamaulipas para avanzar rumbo al sur, y culminar frente a las oficinas de Rector\u00eda, en el 8 y 9 Matamoros.<\/span><span data-ccp-props=\"{&quot;201341983&quot;:0,&quot;335551550&quot;:6,&quot;335551620&quot;:6,&quot;335559740&quot;:360}\">\u00a0<\/span><\/p>\n<p><span data-contrast=\"auto\">Al finalizar el recorrido, los pedalistas podr\u00e1n participar en la rifa de atractivos regalos y, adem\u00e1s, podr\u00e1n disfrutar del programa musical programado, entre otras sorpresas m\u00e1s.<\/span><span data-ccp-props=\"{&quot;201341983&quot;:0,&quot;335551550&quot;:6,&quot;335551620&quot;:6,&quot;335559740&quot;:360}\">\u00a0<\/span><\/p>\n<p><span data-contrast=\"auto\">Cabe resaltar que, en el pasado mes de febrero, m\u00e1s de 400 participantes se hicieron presentes en el recorrido de 10 kil\u00f3metros, reuniendo a familias del centro, norte y sur del estado en el magno evento.<\/span><span data-ccp-props=\"{&quot;201341983&quot;:0,&quot;335551550&quot;:6,&quot;335551620&quot;:6,&quot;335559740&quot;:360}\">\u00a0<\/span><\/p>\n<p><span data-contrast=\"auto\">Las inscripciones son gratis y podr\u00e1n realizarse en el enlace https:\/\/forms.gle\/8Wq8VB5XAk4AT73d9 o en la Direcci\u00f3n de Deportes y Recreaci\u00f3n de la UAT, ubicadas en el Gimnasio Universitario del Campus Victoria, en horario de 9:00 a 17:00 horas.<\/span><span data-ccp-props=\"{&quot;201341983&quot;:0,&quot;335551550&quot;:6,&quot;335551620&quot;:6,&quot;335559740&quot;:360}\">\u00a0<\/span><\/p>\n<p><span data-ccp-props=\"{&quot;201341983&quot;:0,&quot;335551550&quot;:6,&quot;335551620&quot;:6,&quot;335559740&quot;:360}\">\u00a0<\/span><\/p>\n","protected":false},"excerpt":{"rendered":"<p>Con la finalidad de vincular a la sociedad en general y la comunidad universitaria a trav\u00e9s del deporte, la Universidad Aut\u00f3noma de Tamaulipas organiza la Gran Rodada UAT 14K, que se celebrar\u00e1 el pr\u00f3ximo domingo, 20 septiembre, en Ciudad Victoria.\u00a0 A trav\u00e9s de la Secretar\u00eda de Vinculaci\u00f3n y la Direcci\u00f3n de Deportes y Recreaci\u00f3n, se [&hellip;]<\/p>\n","protected":false},"author":4,"featured_media":23010,"comment_status":"closed","ping_status":"closed","sticky":false,"template":"","format":"standard","meta":{"footnotes":""},"categories":[15],"tags":[],"class_list":["post-23009","post","type-post","status-publish","format-standard","has-post-thumbnail","hentry","category-deportes"],"_links":{"self":[{"href":"https:\/\/conexiontotal.press\/index.php\/wp-json\/wp\/v2\/posts\/23009","targetHints":{"allow":["GET"]}}],"collection":[{"href":"https:\/\/conexiontotal.press\/index.php\/wp-json\/wp\/v2\/posts"}],"about":[{"href":"https:\/\/conexiontotal.press\/index.php\/wp-json\/wp\/v2\/types\/post"}],"author":[{"embeddable":true,"href":"https:\/\/conexiontotal.press\/index.php\/wp-json\/wp\/v2\/users\/4"}],"replies":[{"embeddable":true,"href":"https:\/\/conexiontotal.press\/index.php\/wp-json\/wp\/v2\/comments?post=23009"}],"version-history":[{"count":1,"href":"https:\/\/conexiontotal.press\/index.php\/wp-json\/wp\/v2\/posts\/23009\/revisions"}],"predecessor-version":[{"id":23011,"href":"https:\/\/conexiontotal.press\/index.php\/wp-json\/wp\/v2\/posts\/23009\/revisions\/23011"}],"wp:featuredmedia":[{"embeddable":true,"href":"https:\/\/conexiontotal.press\/index.php\/wp-json\/wp\/v2\/media\/23010"}],"wp:attachment":[{"href":"https:\/\/conexiontotal.press\/index.php\/wp-json\/wp\/v2\/media?parent=23009"}],"wp:term":[{"taxonomy":"category","embeddable":true,"href":"https:\/\/conexiontotal.press\/index.php\/wp-json\/wp\/v2\/categories?post=23009"},{"taxonomy":"post_tag","embeddable":true,"href":"https:\/\/conexiontotal.press\/index.php\/wp-json\/wp\/v2\/tags?post=23009"}],"curies":[{"name":"wp","href":"https:\/\/api.w.org\/{rel}","templated":true}]}}