{"id":5423,"date":"2019-04-26T16:42:57","date_gmt":"2019-04-26T21:42:57","guid":{"rendered":"https:\/\/conexiontotal.press\/?p=5423"},"modified":"2019-04-26T16:42:57","modified_gmt":"2019-04-26T21:42:57","slug":"jovenes-respaldan-a-pilar","status":"publish","type":"post","link":"https:\/\/conexiontotal.press\/index.php\/2019\/04\/26\/jovenes-respaldan-a-pilar\/","title":{"rendered":"J\u00f3venes respaldan a Pilar"},"content":{"rendered":"<p>CIUDAD VICTORIA, Tamaulipas .- Los j\u00f3venes est\u00e1n respaldando la propuesta pol\u00edtica de Pilar G\u00f3mez Leal candidata del PAN a diputada local por el distrito XIV.<\/p>\n<p>En su recorrido matutino de este viernes por la colonia Vamos Tamaulipas, la candidata estuvo acompa\u00f1ado por el dirigente de los j\u00f3venes panistas a nivel nacional, Alan \u00c1vila Magos yJuan Pablo Gir\u00f3n dirigente municipal.<\/p>\n<p>En entrevista dijo que est\u00e1n organizando fotos para que este importante sector manifieste sus ideas y necesidades.<\/p>\n<p>El dirigente de los j\u00f3venes panistas dijo que Pilar G\u00f3mez tiene el apoyo del CEN del PAN para llegar al Congreso de Tamaulipas.<\/p>\n","protected":false},"excerpt":{"rendered":"<p>CIUDAD VICTORIA, Tamaulipas .- Los j\u00f3venes est\u00e1n respaldando la propuesta pol\u00edtica de Pilar G\u00f3mez Leal candidata del PAN a diputada local por el distrito XIV. En su recorrido matutino de este viernes por la colonia Vamos Tamaulipas, la candidata estuvo acompa\u00f1ado por el dirigente de los j\u00f3venes panistas a nivel nacional, Alan \u00c1vila Magos yJuan [&hellip;]<\/p>\n","protected":false},"author":4,"featured_media":5398,"comment_status":"closed","ping_status":"closed","sticky":false,"template":"","format":"standard","meta":{"footnotes":""},"categories":[3],"tags":[],"class_list":["post-5423","post","type-post","status-publish","format-standard","has-post-thumbnail","hentry","category-victoria"],"_links":{"self":[{"href":"https:\/\/conexiontotal.press\/index.php\/wp-json\/wp\/v2\/posts\/5423","targetHints":{"allow":["GET"]}}],"collection":[{"href":"https:\/\/conexiontotal.press\/index.php\/wp-json\/wp\/v2\/posts"}],"about":[{"href":"https:\/\/conexiontotal.press\/index.php\/wp-json\/wp\/v2\/types\/post"}],"author":[{"embeddable":true,"href":"https:\/\/conexiontotal.press\/index.php\/wp-json\/wp\/v2\/users\/4"}],"replies":[{"embeddable":true,"href":"https:\/\/conexiontotal.press\/index.php\/wp-json\/wp\/v2\/comments?post=5423"}],"version-history":[{"count":0,"href":"https:\/\/conexiontotal.press\/index.php\/wp-json\/wp\/v2\/posts\/5423\/revisions"}],"wp:featuredmedia":[{"embeddable":true,"href":"https:\/\/conexiontotal.press\/index.php\/wp-json\/wp\/v2\/media\/5398"}],"wp:attachment":[{"href":"https:\/\/conexiontotal.press\/index.php\/wp-json\/wp\/v2\/media?parent=5423"}],"wp:term":[{"taxonomy":"category","embeddable":true,"href":"https:\/\/conexiontotal.press\/index.php\/wp-json\/wp\/v2\/categories?post=5423"},{"taxonomy":"post_tag","embeddable":true,"href":"https:\/\/conexiontotal.press\/index.php\/wp-json\/wp\/v2\/tags?post=5423"}],"curies":[{"name":"wp","href":"https:\/\/api.w.org\/{rel}","templated":true}]}}