{"id":6005,"date":"2019-05-27T12:18:41","date_gmt":"2019-05-27T17:18:41","guid":{"rendered":"https:\/\/conexiontotal.press\/?p=6005"},"modified":"2019-05-27T12:18:41","modified_gmt":"2019-05-27T17:18:41","slug":"pide-pc-que-pescadores-porten-chalecos-salvavidas-en-el-mar","status":"publish","type":"post","link":"https:\/\/conexiontotal.press\/index.php\/2019\/05\/27\/pide-pc-que-pescadores-porten-chalecos-salvavidas-en-el-mar\/","title":{"rendered":"Pide PC que pescadores porten chalecos salvavidas en el mar"},"content":{"rendered":"<p>Perla Res\u00e9ndez<\/p>\n<p>La Coordinaci\u00f3n de Protecci\u00f3n Civil, alert\u00f3 a los pescadores a extremar precauciones y portar siempre su chaleco salvavidas, al andar en el mar, luego que los fuertes vientos provocados por las suradas, pueden ser peligrosos.<\/p>\n<p>Pedro Granados Ram\u00edrez, coment\u00f3 que apenas el fin de semana, una lancha con tres pescadores, se volc\u00f3 en Barra Lucinda en la regi\u00f3n de Carbonera Norte en San Fernando, pereciendo dos de los tripulantes.<\/p>\n<p>\u201cLa surada s\u00ed ha estado fuerte y el oleaje hay que saberlo capotear, los que andan en lanchas, usan pericia, habilidad, no fue nada fuera de lo normal como temporal o tormenta tropical, fue una surada franca de 40 kil\u00f3metros por hora que provoca oleada fuerte\u201d.<\/p>\n<p>Apunt\u00f3 que por este motivo, es importante que los pescadores extremen sus precauciones, revisando la velocidad de los vientos, de ser posible contar con radios, y especialmente portar chalecos salvavidas.<\/p>\n","protected":false},"excerpt":{"rendered":"<p>Perla Res\u00e9ndez La Coordinaci\u00f3n de Protecci\u00f3n Civil, alert\u00f3 a los pescadores a extremar precauciones y portar siempre su chaleco salvavidas, al andar en el mar, luego que los fuertes vientos provocados por las suradas, pueden ser peligrosos. Pedro Granados Ram\u00edrez, coment\u00f3 que apenas el fin de semana, una lancha con tres pescadores, se volc\u00f3 en [&hellip;]<\/p>\n","protected":false},"author":4,"featured_media":6006,"comment_status":"closed","ping_status":"closed","sticky":false,"template":"","format":"standard","meta":{"footnotes":""},"categories":[3],"tags":[],"class_list":["post-6005","post","type-post","status-publish","format-standard","has-post-thumbnail","hentry","category-victoria"],"_links":{"self":[{"href":"https:\/\/conexiontotal.press\/index.php\/wp-json\/wp\/v2\/posts\/6005","targetHints":{"allow":["GET"]}}],"collection":[{"href":"https:\/\/conexiontotal.press\/index.php\/wp-json\/wp\/v2\/posts"}],"about":[{"href":"https:\/\/conexiontotal.press\/index.php\/wp-json\/wp\/v2\/types\/post"}],"author":[{"embeddable":true,"href":"https:\/\/conexiontotal.press\/index.php\/wp-json\/wp\/v2\/users\/4"}],"replies":[{"embeddable":true,"href":"https:\/\/conexiontotal.press\/index.php\/wp-json\/wp\/v2\/comments?post=6005"}],"version-history":[{"count":0,"href":"https:\/\/conexiontotal.press\/index.php\/wp-json\/wp\/v2\/posts\/6005\/revisions"}],"wp:featuredmedia":[{"embeddable":true,"href":"https:\/\/conexiontotal.press\/index.php\/wp-json\/wp\/v2\/media\/6006"}],"wp:attachment":[{"href":"https:\/\/conexiontotal.press\/index.php\/wp-json\/wp\/v2\/media?parent=6005"}],"wp:term":[{"taxonomy":"category","embeddable":true,"href":"https:\/\/conexiontotal.press\/index.php\/wp-json\/wp\/v2\/categories?post=6005"},{"taxonomy":"post_tag","embeddable":true,"href":"https:\/\/conexiontotal.press\/index.php\/wp-json\/wp\/v2\/tags?post=6005"}],"curies":[{"name":"wp","href":"https:\/\/api.w.org\/{rel}","templated":true}]}}