{"id":6009,"date":"2019-05-28T10:21:29","date_gmt":"2019-05-28T15:21:29","guid":{"rendered":"https:\/\/conexiontotal.press\/?p=6009"},"modified":"2019-05-28T10:21:29","modified_gmt":"2019-05-28T15:21:29","slug":"caen-20-ventas-en-el-mercado-arguelles","status":"publish","type":"post","link":"https:\/\/conexiontotal.press\/index.php\/2019\/05\/28\/caen-20-ventas-en-el-mercado-arguelles\/","title":{"rendered":"Caen 20% ventas en el mercado Arg\u00fcelles"},"content":{"rendered":"<p>&nbsp;<\/p>\n<p>CIUDAD VICTORIA, Tamaulipas.- Las ventas en el mercado Arg\u00fcelles se han ca\u00eddo en esta temporada en m\u00e1s de un 20 por ciento<span class=\"Apple-converted-space\">\u00a0 <\/span>debido al gasto de padres de familia en el tema de graduaciones as\u00ed como el alza de<span class=\"Apple-converted-space\">\u00a0 <\/span>precios de productos de primera necesidad revel\u00f3 Arturo Cedillo Morado presidente de los locatarios del mercado<\/p>\n<p>Dijo que las ventas han bajado en forma significativa durante este mes de mayo entre otra cosas por los festejos relacionados al d\u00eda de la madre en que los beneficiados son muebler\u00edas tiendas de regalo y pasteler\u00edas por ejemplo y lo que se vende en el mercado no tiene la demanda suficiente para mejorar la econom\u00eda.<\/p>\n<p>Asegur\u00f3 que los locatarios que suman m\u00e1s de 300 viven al d\u00eda por lo que si les bajan los ingresos<span class=\"Apple-converted-space\">\u00a0<\/span>por las pocas ventas les representa a ellos serias dificultades para poder sobrevivir y sostener a sus familias por eso invito a los victoreases acudir a comprar al mercado donde la mercanc\u00eda es fresca y del d\u00eda<span class=\"Apple-converted-space\">\u00a0<\/span><\/p>\n<p>Reconoci\u00f3 que a la fecha tienen 20 locales cerrados en el mercado sin embargo con esta recesi\u00f3n econ\u00f3mica que todos sin excepci\u00f3n padecemos podr\u00eda incrementar el n\u00famero de negocios que tengan que cerrar al no poder sostenerlo<\/p>\n","protected":false},"excerpt":{"rendered":"<p>&nbsp; CIUDAD VICTORIA, Tamaulipas.- Las ventas en el mercado Arg\u00fcelles se han ca\u00eddo en esta temporada en m\u00e1s de un 20 por ciento\u00a0 debido al gasto de padres de familia en el tema de graduaciones as\u00ed como el alza de\u00a0 precios de productos de primera necesidad revel\u00f3 Arturo Cedillo Morado presidente de los locatarios del [&hellip;]<\/p>\n","protected":false},"author":4,"featured_media":3754,"comment_status":"closed","ping_status":"closed","sticky":false,"template":"","format":"standard","meta":{"footnotes":""},"categories":[3],"tags":[],"class_list":["post-6009","post","type-post","status-publish","format-standard","has-post-thumbnail","hentry","category-victoria"],"_links":{"self":[{"href":"https:\/\/conexiontotal.press\/index.php\/wp-json\/wp\/v2\/posts\/6009","targetHints":{"allow":["GET"]}}],"collection":[{"href":"https:\/\/conexiontotal.press\/index.php\/wp-json\/wp\/v2\/posts"}],"about":[{"href":"https:\/\/conexiontotal.press\/index.php\/wp-json\/wp\/v2\/types\/post"}],"author":[{"embeddable":true,"href":"https:\/\/conexiontotal.press\/index.php\/wp-json\/wp\/v2\/users\/4"}],"replies":[{"embeddable":true,"href":"https:\/\/conexiontotal.press\/index.php\/wp-json\/wp\/v2\/comments?post=6009"}],"version-history":[{"count":0,"href":"https:\/\/conexiontotal.press\/index.php\/wp-json\/wp\/v2\/posts\/6009\/revisions"}],"wp:featuredmedia":[{"embeddable":true,"href":"https:\/\/conexiontotal.press\/index.php\/wp-json\/wp\/v2\/media\/3754"}],"wp:attachment":[{"href":"https:\/\/conexiontotal.press\/index.php\/wp-json\/wp\/v2\/media?parent=6009"}],"wp:term":[{"taxonomy":"category","embeddable":true,"href":"https:\/\/conexiontotal.press\/index.php\/wp-json\/wp\/v2\/categories?post=6009"},{"taxonomy":"post_tag","embeddable":true,"href":"https:\/\/conexiontotal.press\/index.php\/wp-json\/wp\/v2\/tags?post=6009"}],"curies":[{"name":"wp","href":"https:\/\/api.w.org\/{rel}","templated":true}]}}