{"id":827,"date":"2018-10-17T22:05:34","date_gmt":"2018-10-18T03:05:34","guid":{"rendered":"https:\/\/conexiontotal.press\/?p=827"},"modified":"2018-10-17T22:05:34","modified_gmt":"2018-10-18T03:05:34","slug":"amlo-se-queda-en-tampico-reune-a-la-cupula-de-morena","status":"publish","type":"post","link":"https:\/\/conexiontotal.press\/index.php\/2018\/10\/17\/amlo-se-queda-en-tampico-reune-a-la-cupula-de-morena\/","title":{"rendered":"AMLO se queda en Tampico; re\u00fane a la c\u00fapula de Morena"},"content":{"rendered":"<p>TAMPICO, Tamaulipas .- De \u00faltima hora, el presidente electo de M\u00e9xico, Andr\u00e9s Manuel L\u00f3pez Obrador, cambi\u00f3 su itinerario de vuelo para reunirse con la c\u00fapula tamaulipeca del Partido Movimiento de Regeneraci\u00f3n Nacional (Morena).<\/p>\n<p>El tabasque\u00f1o se qued\u00f3 en Tampico para platicar con Jos\u00e9 Ram\u00f3n G\u00f3mez Leal, Renato Molina, Rodolfo Gonz\u00e1lez y otros personajes claves del gobierno entrante y el partido.<\/p>\n<p>De acuerdo al programa, L\u00f3pez Obrador volar\u00eda en el avi\u00f3n matr\u00edcula 4O 2157 del aeropuerto de Tampico a la Ciudad de M\u00e9xico. La modificaci\u00f3n fue para volar directamente a Monterrey, donde ma\u00f1ana tiene agenda de la gira de agradecimiento.<\/p>\n<p>Carlos Manuel Ju\u00e1rez<\/p>\n","protected":false},"excerpt":{"rendered":"<p>TAMPICO, Tamaulipas .- De \u00faltima hora, el presidente electo de M\u00e9xico, Andr\u00e9s Manuel L\u00f3pez Obrador, cambi\u00f3 su itinerario de vuelo para reunirse con la c\u00fapula tamaulipeca del Partido Movimiento de Regeneraci\u00f3n Nacional (Morena). El tabasque\u00f1o se qued\u00f3 en Tampico para platicar con Jos\u00e9 Ram\u00f3n G\u00f3mez Leal, Renato Molina, Rodolfo Gonz\u00e1lez y otros personajes claves del [&hellip;]<\/p>\n","protected":false},"author":4,"featured_media":823,"comment_status":"closed","ping_status":"closed","sticky":false,"template":"","format":"standard","meta":{"footnotes":""},"categories":[4],"tags":[],"class_list":["post-827","post","type-post","status-publish","format-standard","has-post-thumbnail","hentry","category-tampico"],"_links":{"self":[{"href":"https:\/\/conexiontotal.press\/index.php\/wp-json\/wp\/v2\/posts\/827","targetHints":{"allow":["GET"]}}],"collection":[{"href":"https:\/\/conexiontotal.press\/index.php\/wp-json\/wp\/v2\/posts"}],"about":[{"href":"https:\/\/conexiontotal.press\/index.php\/wp-json\/wp\/v2\/types\/post"}],"author":[{"embeddable":true,"href":"https:\/\/conexiontotal.press\/index.php\/wp-json\/wp\/v2\/users\/4"}],"replies":[{"embeddable":true,"href":"https:\/\/conexiontotal.press\/index.php\/wp-json\/wp\/v2\/comments?post=827"}],"version-history":[{"count":0,"href":"https:\/\/conexiontotal.press\/index.php\/wp-json\/wp\/v2\/posts\/827\/revisions"}],"wp:featuredmedia":[{"embeddable":true,"href":"https:\/\/conexiontotal.press\/index.php\/wp-json\/wp\/v2\/media\/823"}],"wp:attachment":[{"href":"https:\/\/conexiontotal.press\/index.php\/wp-json\/wp\/v2\/media?parent=827"}],"wp:term":[{"taxonomy":"category","embeddable":true,"href":"https:\/\/conexiontotal.press\/index.php\/wp-json\/wp\/v2\/categories?post=827"},{"taxonomy":"post_tag","embeddable":true,"href":"https:\/\/conexiontotal.press\/index.php\/wp-json\/wp\/v2\/tags?post=827"}],"curies":[{"name":"wp","href":"https:\/\/api.w.org\/{rel}","templated":true}]}}